{"id":937,"date":"2013-03-20T21:22:08","date_gmt":"2013-03-20T20:22:08","guid":{"rendered":"http:\/\/blogs.ideal.es\/cocina\/?p=937"},"modified":"2013-03-20T21:22:08","modified_gmt":"2013-03-20T20:22:08","slug":"medalla-de-oro-internacional-para-cocineros-granadinos","status":"publish","type":"post","link":"https:\/\/blogs.ideal.es\/cocina\/2013\/03\/20\/medalla-de-oro-internacional-para-cocineros-granadinos\/","title":{"rendered":"Medalla de oro internacional para cocineros granadinos"},"content":{"rendered":"<p><a href=\"\/cocina\/wp-content\/uploads\/sites\/9\/2013\/03\/Foto-media-160313-A.jpg\"><img loading=\"lazy\" class=\"aligncenter size-medium wp-image-938\" title=\"Foto media 160313 A\" src=\"\/cocina\/wp-content\/uploads\/sites\/9\/2013\/03\/Foto-media-160313-A-300x225.jpg\" alt=\"\" width=\"300\" height=\"225\" srcset=\"https:\/\/static-blogs.ideal.es\/wp-content\/uploads\/sites\/9\/2013\/03\/Foto-media-160313-A-300x225.jpg 300w, https:\/\/static-blogs.ideal.es\/wp-content\/uploads\/sites\/9\/2013\/03\/Foto-media-160313-A-768x576.jpg 768w, https:\/\/static-blogs.ideal.es\/wp-content\/uploads\/sites\/9\/2013\/03\/Foto-media-160313-A-1024x768.jpg 1024w, https:\/\/static-blogs.ideal.es\/wp-content\/uploads\/sites\/9\/2013\/03\/Foto-media-160313-A.jpg 2048w\" sizes=\"(max-width: 300px) 100vw, 300px\" \/><\/a><\/p>\n<p>Dos cocineros granadinos han conquistado la medalla de oro en el 8\u00aa Campeonato Internacional Del Sur de Europa, representando a Espa\u00f1a en Grecia. La expedici\u00f3n espa\u00f1ola triunfo tambi\u00e9n con medallas de Oro al Mejor Chef, Mejor Equipo y Mejor Equipo Junior.<br \/>\nEl grupo estuvo compuesto por los chefs senior Carlos Dur\u00e1n, F\u00e9lix Manso y Alberto Moreno; y los junior Rafael Arroyo y Javier Andrade de Granada. El entrenador ha sido Chema de Isidro y el apoyo log\u00edstico fue de David Basilio desde el World Gastronomy Institute<\/p>\n<p><strong>Cocinero<\/strong>: Rafael Arroyo<br \/>\nCurriculu: Estudi\u00f3 en la Escuela de hosteleria Castillo del Marques en Malaga y tras pasar por Caf\u00e9 de Par\u00eds de Jose Carlos Garcia, M\u00e1laga, forma parte del equipo de Restaurante El Claustro en Granada donde es segundo de cocina.<br \/>\n<strong>Cocinero<\/strong>: Javier Andrade<br \/>\nCurriculu: Burgales y estudio en la escuela de hosteleria Hurtado de Mendoza en Granada. Es jefe de partida en El Claustro.<\/p>\n<p>&nbsp;<\/p>\n<p>&nbsp;<\/p>\n<!-- AddThis Advanced Settings generic via filter on the_content --><!-- AddThis Share Buttons generic via filter on the_content -->","protected":false},"excerpt":{"rendered":"<p>Dos cocineros granadinos han conquistado la medalla de oro en el 8\u00aa Campeonato Internacional Del Sur de Europa, representando a Espa\u00f1a en Grecia. La expedici\u00f3n espa\u00f1ola triunfo tambi\u00e9n con medallas de Oro al Mejor Chef, Mejor Equipo y Mejor Equipo Junior. El grupo estuvo compuesto por los chefs senior Carlos Dur\u00e1n, F\u00e9lix Manso y Alberto [&hellip;]<!-- AddThis Advanced Settings generic via filter on get_the_excerpt --><!-- AddThis Share Buttons generic via filter on get_the_excerpt --><\/p>\n","protected":false},"author":5,"featured_media":0,"comment_status":"open","ping_status":"closed","sticky":false,"template":"","format":"standard","meta":[],"categories":[3,4,11],"tags":[],"_links":{"self":[{"href":"https:\/\/blogs.ideal.es\/cocina\/wp-json\/wp\/v2\/posts\/937"}],"collection":[{"href":"https:\/\/blogs.ideal.es\/cocina\/wp-json\/wp\/v2\/posts"}],"about":[{"href":"https:\/\/blogs.ideal.es\/cocina\/wp-json\/wp\/v2\/types\/post"}],"author":[{"embeddable":true,"href":"https:\/\/blogs.ideal.es\/cocina\/wp-json\/wp\/v2\/users\/5"}],"replies":[{"embeddable":true,"href":"https:\/\/blogs.ideal.es\/cocina\/wp-json\/wp\/v2\/comments?post=937"}],"version-history":[{"count":0,"href":"https:\/\/blogs.ideal.es\/cocina\/wp-json\/wp\/v2\/posts\/937\/revisions"}],"wp:attachment":[{"href":"https:\/\/blogs.ideal.es\/cocina\/wp-json\/wp\/v2\/media?parent=937"}],"wp:term":[{"taxonomy":"category","embeddable":true,"href":"https:\/\/blogs.ideal.es\/cocina\/wp-json\/wp\/v2\/categories?post=937"},{"taxonomy":"post_tag","embeddable":true,"href":"https:\/\/blogs.ideal.es\/cocina\/wp-json\/wp\/v2\/tags?post=937"}],"curies":[{"name":"wp","href":"https:\/\/api.w.org\/{rel}","templated":true}]}}