{"id":943,"date":"2013-03-24T17:58:38","date_gmt":"2013-03-24T16:58:38","guid":{"rendered":"http:\/\/blogs.ideal.es\/cocina\/?p=943"},"modified":"2013-03-24T17:58:38","modified_gmt":"2013-03-24T16:58:38","slug":"el-restaurante-sevilla-y-su-cocina-tipica-de-cuaresma","status":"publish","type":"post","link":"https:\/\/blogs.ideal.es\/cocina\/2013\/03\/24\/el-restaurante-sevilla-y-su-cocina-tipica-de-cuaresma\/","title":{"rendered":"El restaurante Sevilla y su cocina t\u00edpica de Cuaresma"},"content":{"rendered":"<p><a href=\"\/cocina\/wp-content\/uploads\/sites\/9\/2013\/03\/Foto-mediana-230313.jpg\"><img loading=\"lazy\" class=\"aligncenter size-medium wp-image-944\" title=\"20130321.- FOTOGRAFIA: GONZALEZ MOLERO.JORNADAS GASTRONOMICAS DE IDEAL.\" src=\"\/cocina\/wp-content\/uploads\/sites\/9\/2013\/03\/Foto-mediana-230313-300x200.jpg\" alt=\"\" width=\"300\" height=\"200\" srcset=\"https:\/\/static-blogs.ideal.es\/wp-content\/uploads\/sites\/9\/2013\/03\/Foto-mediana-230313-300x200.jpg 300w, https:\/\/static-blogs.ideal.es\/wp-content\/uploads\/sites\/9\/2013\/03\/Foto-mediana-230313-768x512.jpg 768w, https:\/\/static-blogs.ideal.es\/wp-content\/uploads\/sites\/9\/2013\/03\/Foto-mediana-230313.jpg 900w\" sizes=\"(max-width: 300px) 100vw, 300px\" \/><\/a><\/p>\n<p>Es muy importante no perder las tradiciones culinarias. Y m\u00e1s, si \u00e9stas van ayuntadas a fechas concretas, donde la cocina se adapta a las normas alimentarias religiosas. De ah\u00ed la buena iniciativa de la familia \u00c1lvarez, propietaria del famoso e hist\u00f3rico restaurante Sevilla, donde han comido los m\u00e1s ilustres personajes que han pasado por Granada. Y es en estos comedores que acogen a tanto ilustre, donde se va a poder degustar, a un precio muy interesante, una serie de platos rescatados del recetario popular granadino de Semana Santa.<\/p>\n<p>&nbsp;<\/p>\n<p>&nbsp;<\/p>\n<!-- AddThis Advanced Settings generic via filter on the_content --><!-- AddThis Share Buttons generic via filter on the_content -->","protected":false},"excerpt":{"rendered":"<p>Es muy importante no perder las tradiciones culinarias. Y m\u00e1s, si \u00e9stas van ayuntadas a fechas concretas, donde la cocina se adapta a las normas alimentarias religiosas. De ah\u00ed la buena iniciativa de la familia \u00c1lvarez, propietaria del famoso e hist\u00f3rico restaurante Sevilla, donde han comido los m\u00e1s ilustres personajes que han pasado por Granada. [&hellip;]<!-- AddThis Advanced Settings generic via filter on get_the_excerpt --><!-- AddThis Share Buttons generic via filter on get_the_excerpt --><\/p>\n","protected":false},"author":5,"featured_media":0,"comment_status":"open","ping_status":"closed","sticky":false,"template":"","format":"standard","meta":[],"categories":[3,4,8,11],"tags":[],"_links":{"self":[{"href":"https:\/\/blogs.ideal.es\/cocina\/wp-json\/wp\/v2\/posts\/943"}],"collection":[{"href":"https:\/\/blogs.ideal.es\/cocina\/wp-json\/wp\/v2\/posts"}],"about":[{"href":"https:\/\/blogs.ideal.es\/cocina\/wp-json\/wp\/v2\/types\/post"}],"author":[{"embeddable":true,"href":"https:\/\/blogs.ideal.es\/cocina\/wp-json\/wp\/v2\/users\/5"}],"replies":[{"embeddable":true,"href":"https:\/\/blogs.ideal.es\/cocina\/wp-json\/wp\/v2\/comments?post=943"}],"version-history":[{"count":0,"href":"https:\/\/blogs.ideal.es\/cocina\/wp-json\/wp\/v2\/posts\/943\/revisions"}],"wp:attachment":[{"href":"https:\/\/blogs.ideal.es\/cocina\/wp-json\/wp\/v2\/media?parent=943"}],"wp:term":[{"taxonomy":"category","embeddable":true,"href":"https:\/\/blogs.ideal.es\/cocina\/wp-json\/wp\/v2\/categories?post=943"},{"taxonomy":"post_tag","embeddable":true,"href":"https:\/\/blogs.ideal.es\/cocina\/wp-json\/wp\/v2\/tags?post=943"}],"curies":[{"name":"wp","href":"https:\/\/api.w.org\/{rel}","templated":true}]}}