{"id":945,"date":"2013-03-24T18:02:26","date_gmt":"2013-03-24T17:02:26","guid":{"rendered":"http:\/\/blogs.ideal.es\/cocina\/?p=945"},"modified":"2013-03-24T18:02:26","modified_gmt":"2013-03-24T17:02:26","slug":"los-futuros-hosteleros-formados-por-el-grupo-melia","status":"publish","type":"post","link":"https:\/\/blogs.ideal.es\/cocina\/2013\/03\/24\/los-futuros-hosteleros-formados-por-el-grupo-melia\/","title":{"rendered":"Los futuros hosteleros, formados por el grupo Meli\u00e1"},"content":{"rendered":"<p><a href=\"\/cocina\/wp-content\/uploads\/sites\/9\/2013\/03\/Foto-grande-2303131.jpg\"><img loading=\"lazy\" class=\"aligncenter size-medium wp-image-947\" title=\"Foto grande 230313\" src=\"\/cocina\/wp-content\/uploads\/sites\/9\/2013\/03\/Foto-grande-2303131-300x225.jpg\" alt=\"\" width=\"300\" height=\"225\" srcset=\"https:\/\/static-blogs.ideal.es\/wp-content\/uploads\/sites\/9\/2013\/03\/Foto-grande-2303131-300x225.jpg 300w, https:\/\/static-blogs.ideal.es\/wp-content\/uploads\/sites\/9\/2013\/03\/Foto-grande-2303131-768x576.jpg 768w, https:\/\/static-blogs.ideal.es\/wp-content\/uploads\/sites\/9\/2013\/03\/Foto-grande-2303131.jpg 1000w\" sizes=\"(max-width: 300px) 100vw, 300px\" \/><\/a><\/p>\n<p>Ya han pasado m\u00e1s de 1.600 alumnos en los 21 a\u00f1os que tienen los cursos. Este dato nos lo daba, con el buen talante y profesionalidad de siempre, Ram\u00f3n Mart\u00ednez, director de los hoteles Sol y Nieve y Sierra Nevada de la cadena Meli\u00e1. Y lo mejor de todo, como a\u00f1ad\u00eda Mart\u00ednez, es que el 80% de estos alumnos se quedan a trabajar en el grupo hotelero. Este Centro de Formaci\u00f3n lo dirige desde su inicio el profesor Antonio Morcillo, otra querida instituci\u00f3n de la hosteler\u00eda andaluza. De los 21 a\u00f1os que se llevan realizando los curso de formaci\u00f3n en el hotel Meli\u00e1 Granada, son unos 9 a\u00f1os los que tambi\u00e9n se realizan en los dos hoteles que tiene Meli\u00e1 en Sierra Nevada. Estos cursos cuentan con el apoyo, patrocinio y certificaci\u00f3n de la Junta de Andaluc\u00eda. De hecho, el acto de clausura del curso estuvo presidido por el delegado de Econom\u00eda de la Junta en Granada, Jos\u00e9 Antonio Aparicio. Tambi\u00e9n estuvo con el director Ram\u00f3n Mart\u00ednez, Alfonso del Poyo, director general de Meli\u00e1 y Tom\u00e1s Ru\u00edz, director del hotel Meli\u00e1 Granada. Tras las entra\u00f1ables palabras de los directores y el alcalde de Monachil F\u00e9lix Rodr\u00edguez se paso a una degustaci\u00f3n de algunos de los platos que han aprendido los alumnos y que estaban servidos por los de servicio de sala. Jorge Acereto, el activo y buen jefe de cocina de los dos Mel\u00eda en Sierra Nevada hab\u00eda realizado un gran trabajo de organizaci\u00f3n y docencia, pues el buff\u00e9 lucia esplendidamente. Tanto el director Ram\u00f3n Mart\u00ednez, como el, estuvieron todo el tiempo controlando y pendientes del desarrollo.<br \/>\nDestacar, primero la buena presencia de todos los alumnos, tanto de cocina como de sala. Un aspecto de agradecer cuando de dar de comer se trata. Y despu\u00e9s la variedad de platos que presentaban. Lo que significa un arduo trabajo previo en los fogones. Presentaciones actuales y actuaciones de los cocineros perfectas. Hab\u00eda que ver como serv\u00edan las viandas a los invitados, o como cortaban el rosbif, elaborado en su punto con una lograda salsa de acompa\u00f1amiento. Hasta las tortillitas de camarones estaban en su punto.<\/p>\n<!-- AddThis Advanced Settings generic via filter on the_content --><!-- AddThis Share Buttons generic via filter on the_content -->","protected":false},"excerpt":{"rendered":"<p>Ya han pasado m\u00e1s de 1.600 alumnos en los 21 a\u00f1os que tienen los cursos. Este dato nos lo daba, con el buen talante y profesionalidad de siempre, Ram\u00f3n Mart\u00ednez, director de los hoteles Sol y Nieve y Sierra Nevada de la cadena Meli\u00e1. Y lo mejor de todo, como a\u00f1ad\u00eda Mart\u00ednez, es que el [&hellip;]<!-- AddThis Advanced Settings generic via filter on get_the_excerpt --><!-- AddThis Share Buttons generic via filter on get_the_excerpt --><\/p>\n","protected":false},"author":5,"featured_media":947,"comment_status":"open","ping_status":"closed","sticky":false,"template":"","format":"standard","meta":[],"categories":[3,4,10,11],"tags":[],"_links":{"self":[{"href":"https:\/\/blogs.ideal.es\/cocina\/wp-json\/wp\/v2\/posts\/945"}],"collection":[{"href":"https:\/\/blogs.ideal.es\/cocina\/wp-json\/wp\/v2\/posts"}],"about":[{"href":"https:\/\/blogs.ideal.es\/cocina\/wp-json\/wp\/v2\/types\/post"}],"author":[{"embeddable":true,"href":"https:\/\/blogs.ideal.es\/cocina\/wp-json\/wp\/v2\/users\/5"}],"replies":[{"embeddable":true,"href":"https:\/\/blogs.ideal.es\/cocina\/wp-json\/wp\/v2\/comments?post=945"}],"version-history":[{"count":0,"href":"https:\/\/blogs.ideal.es\/cocina\/wp-json\/wp\/v2\/posts\/945\/revisions"}],"wp:featuredmedia":[{"embeddable":true,"href":"https:\/\/blogs.ideal.es\/cocina\/wp-json\/wp\/v2\/media\/947"}],"wp:attachment":[{"href":"https:\/\/blogs.ideal.es\/cocina\/wp-json\/wp\/v2\/media?parent=945"}],"wp:term":[{"taxonomy":"category","embeddable":true,"href":"https:\/\/blogs.ideal.es\/cocina\/wp-json\/wp\/v2\/categories?post=945"},{"taxonomy":"post_tag","embeddable":true,"href":"https:\/\/blogs.ideal.es\/cocina\/wp-json\/wp\/v2\/tags?post=945"}],"curies":[{"name":"wp","href":"https:\/\/api.w.org\/{rel}","templated":true}]}}