{"id":953,"date":"2013-03-30T12:10:30","date_gmt":"2013-03-30T11:10:30","guid":{"rendered":"http:\/\/blogs.ideal.es\/cocina\/?p=953"},"modified":"2013-03-30T12:10:30","modified_gmt":"2013-03-30T11:10:30","slug":"las-torrijas-un-dulce-de-semana-santa","status":"publish","type":"post","link":"https:\/\/blogs.ideal.es\/cocina\/2013\/03\/30\/las-torrijas-un-dulce-de-semana-santa\/","title":{"rendered":"Las torrijas, un dulce de Semana Santa"},"content":{"rendered":"<p><a href=\"\/cocina\/wp-content\/uploads\/sites\/9\/2013\/03\/240313.jpg\"><img loading=\"lazy\" class=\"aligncenter size-medium wp-image-954\" title=\"MINOLTA DIGITAL CAMERA\" src=\"\/cocina\/wp-content\/uploads\/sites\/9\/2013\/03\/240313-300x296.jpg\" alt=\"\" width=\"300\" height=\"296\" \/><\/a><\/p>\n<p>Cuando comienza la Semana Santa hay sabores y olores que van intr\u00ednsicamente ligada a ea estas fechas. Unos d\u00edas cargadas de simbolismo para cristianos y no cat\u00f3licos. Y entre las singularidades que hay no pueden faltar las alimentarias. Siendo una serie de platos los caracter\u00edsticos de estas fechas. Y las torrijas son un buen ejemplo. Pueden ser de leche, de vino y hasta de whisky. Es muy importante el tipo de pan que utilicen, y si se l\u00edan, hay muchas confiter\u00edas para comprar y elegir<\/p>\n<p>&nbsp;<\/p>\n<!-- AddThis Advanced Settings generic via filter on the_content --><!-- AddThis Share Buttons generic via filter on the_content -->","protected":false},"excerpt":{"rendered":"<p>Cuando comienza la Semana Santa hay sabores y olores que van intr\u00ednsicamente ligada a ea estas fechas. Unos d\u00edas cargadas de simbolismo para cristianos y no cat\u00f3licos. Y entre las singularidades que hay no pueden faltar las alimentarias. Siendo una serie de platos los caracter\u00edsticos de estas fechas. Y las torrijas son un buen ejemplo. [&hellip;]<!-- AddThis Advanced Settings generic via filter on get_the_excerpt --><!-- AddThis Share Buttons generic via filter on get_the_excerpt --><\/p>\n","protected":false},"author":5,"featured_media":0,"comment_status":"open","ping_status":"closed","sticky":false,"template":"","format":"standard","meta":[],"categories":[3,4,8,11,12],"tags":[],"_links":{"self":[{"href":"https:\/\/blogs.ideal.es\/cocina\/wp-json\/wp\/v2\/posts\/953"}],"collection":[{"href":"https:\/\/blogs.ideal.es\/cocina\/wp-json\/wp\/v2\/posts"}],"about":[{"href":"https:\/\/blogs.ideal.es\/cocina\/wp-json\/wp\/v2\/types\/post"}],"author":[{"embeddable":true,"href":"https:\/\/blogs.ideal.es\/cocina\/wp-json\/wp\/v2\/users\/5"}],"replies":[{"embeddable":true,"href":"https:\/\/blogs.ideal.es\/cocina\/wp-json\/wp\/v2\/comments?post=953"}],"version-history":[{"count":0,"href":"https:\/\/blogs.ideal.es\/cocina\/wp-json\/wp\/v2\/posts\/953\/revisions"}],"wp:attachment":[{"href":"https:\/\/blogs.ideal.es\/cocina\/wp-json\/wp\/v2\/media?parent=953"}],"wp:term":[{"taxonomy":"category","embeddable":true,"href":"https:\/\/blogs.ideal.es\/cocina\/wp-json\/wp\/v2\/categories?post=953"},{"taxonomy":"post_tag","embeddable":true,"href":"https:\/\/blogs.ideal.es\/cocina\/wp-json\/wp\/v2\/tags?post=953"}],"curies":[{"name":"wp","href":"https:\/\/api.w.org\/{rel}","templated":true}]}}