{"id":958,"date":"2013-04-01T12:31:15","date_gmt":"2013-04-01T11:31:15","guid":{"rendered":"http:\/\/blogs.ideal.es\/cocina\/?p=958"},"modified":"2013-04-01T12:31:15","modified_gmt":"2013-04-01T11:31:15","slug":"chikito-dona-su-premio-de-la-tapa-al-banco-de-alimentos","status":"publish","type":"post","link":"https:\/\/blogs.ideal.es\/cocina\/2013\/04\/01\/chikito-dona-su-premio-de-la-tapa-al-banco-de-alimentos\/","title":{"rendered":"Chikito dona su premio de &#8220;la Tapa&#8221; al Banco de Alimentos"},"content":{"rendered":"<p><a href=\"\/cocina\/wp-content\/uploads\/sites\/9\/2013\/04\/Foto-peque\u00f1a-310313.jpg\"><img loading=\"lazy\" class=\"aligncenter size-medium wp-image-959\" title=\"Foto peque\u00f1a 310313\" src=\"\/cocina\/wp-content\/uploads\/sites\/9\/2013\/04\/Foto-peque\u00f1a-310313-300x189.jpg\" alt=\"\" width=\"300\" height=\"189\" \/><\/a><\/p>\n<p>El restaurante Chikito de la familia Oruezabal consigui\u00f3 en la \u00faltima edici\u00f3n del concurso Granada de Tapas, el premio a la mejor tapa elaborada con productos de Granada. Mercagranada, colaborador oficial del concurso, junto a la Concejal\u00eda de Turismo, el Plan Turismo de Granada de la Junta de Andaluc\u00eda y la Federaci\u00f3n Provincial de Hosteler\u00eda de Granada, ha premiado con un cheque regalo valorado en 150 euros en productos de Mercagranada y una visita guiada por todas sus instalaciones con motivo de promocionar y favorecer la venta de alimentos frescos y de calidad entre los restaurantes y bares granadinos para la elaboraci\u00f3n de sus cartas y tapas m\u00e1s famosas. Y Luis Oruezabal, propietario y creador de este famoso restaurante con animada barra, en el mismo acto de entrega de los premios, tomo la palabra para donar su premio al Banco de Alimentos de Granada. Y como tal, no solo cumpli\u00f3 hace unos d\u00edas, en presencia de Adolfo Orti y el presidente del Banco de Alimentos Antonio L\u00f3pez &#8211; Barajas, si no que adem\u00e1s y de su propio peculio, entrego otro cheque por el mismo valor del premio recibido haciendo donaci\u00f3n de dicho importe en el mismo acto.<br \/>\nEs bien conocida la generosidad y altruismo de la que hace elegantemente gala, Luis Oruezabal. Siendo un gran colaborador en numerosas causas y apoyos sociales. Adem\u00e1s de contar con gran prestigio gastron\u00f3mico de sus famosos platos y atenci\u00f3n a los clientes.<\/p>\n<!-- AddThis Advanced Settings generic via filter on the_content --><!-- AddThis Share Buttons generic via filter on the_content -->","protected":false},"excerpt":{"rendered":"<p>El restaurante Chikito de la familia Oruezabal consigui\u00f3 en la \u00faltima edici\u00f3n del concurso Granada de Tapas, el premio a la mejor tapa elaborada con productos de Granada. Mercagranada, colaborador oficial del concurso, junto a la Concejal\u00eda de Turismo, el Plan Turismo de Granada de la Junta de Andaluc\u00eda y la Federaci\u00f3n Provincial de Hosteler\u00eda [&hellip;]<!-- AddThis Advanced Settings generic via filter on get_the_excerpt --><!-- AddThis Share Buttons generic via filter on get_the_excerpt --><\/p>\n","protected":false},"author":5,"featured_media":0,"comment_status":"open","ping_status":"closed","sticky":false,"template":"","format":"standard","meta":[],"categories":[3],"tags":[],"_links":{"self":[{"href":"https:\/\/blogs.ideal.es\/cocina\/wp-json\/wp\/v2\/posts\/958"}],"collection":[{"href":"https:\/\/blogs.ideal.es\/cocina\/wp-json\/wp\/v2\/posts"}],"about":[{"href":"https:\/\/blogs.ideal.es\/cocina\/wp-json\/wp\/v2\/types\/post"}],"author":[{"embeddable":true,"href":"https:\/\/blogs.ideal.es\/cocina\/wp-json\/wp\/v2\/users\/5"}],"replies":[{"embeddable":true,"href":"https:\/\/blogs.ideal.es\/cocina\/wp-json\/wp\/v2\/comments?post=958"}],"version-history":[{"count":0,"href":"https:\/\/blogs.ideal.es\/cocina\/wp-json\/wp\/v2\/posts\/958\/revisions"}],"wp:attachment":[{"href":"https:\/\/blogs.ideal.es\/cocina\/wp-json\/wp\/v2\/media?parent=958"}],"wp:term":[{"taxonomy":"category","embeddable":true,"href":"https:\/\/blogs.ideal.es\/cocina\/wp-json\/wp\/v2\/categories?post=958"},{"taxonomy":"post_tag","embeddable":true,"href":"https:\/\/blogs.ideal.es\/cocina\/wp-json\/wp\/v2\/tags?post=958"}],"curies":[{"name":"wp","href":"https:\/\/api.w.org\/{rel}","templated":true}]}}