{"id":963,"date":"2013-04-01T12:45:46","date_gmt":"2013-04-01T11:45:46","guid":{"rendered":"http:\/\/blogs.ideal.es\/cocina\/?p=963"},"modified":"2013-04-01T12:45:46","modified_gmt":"2013-04-01T11:45:46","slug":"jose-angel-munoz-corta-jamon-de-trevelez-en-la-nieve","status":"publish","type":"post","link":"https:\/\/blogs.ideal.es\/cocina\/2013\/04\/01\/jose-angel-munoz-corta-jamon-de-trevelez-en-la-nieve\/","title":{"rendered":"Jos\u00e9 \u00c1ngel Mu\u00f1oz corta jam\u00f3n de Trev\u00e9lez en la nieve"},"content":{"rendered":"<p><a href=\"\/cocina\/wp-content\/uploads\/sites\/9\/2013\/04\/Foto-mediana-310313-A.jpg\"><img loading=\"lazy\" class=\"aligncenter size-medium wp-image-964\" title=\"Foto mediana 310313 A\" src=\"\/cocina\/wp-content\/uploads\/sites\/9\/2013\/04\/Foto-mediana-310313-A-278x300.jpg\" alt=\"\" width=\"278\" height=\"300\" srcset=\"https:\/\/static-blogs.ideal.es\/wp-content\/uploads\/sites\/9\/2013\/04\/Foto-mediana-310313-A-278x300.jpg 278w, https:\/\/static-blogs.ideal.es\/wp-content\/uploads\/sites\/9\/2013\/04\/Foto-mediana-310313-A.jpg 626w\" sizes=\"(max-width: 278px) 100vw, 278px\" \/><\/a><\/p>\n<p>Nuestro campe\u00f3n de Espa\u00f1a de corte de jam\u00f3n, el granadino Jos\u00e9 \u00c1ngel Mu\u00f1oz, cortador oficial del jam\u00f3n m\u00e1s caro del mundo (4.500 euros el kilo) de Arturo S\u00e1nchez y cortador oficial, tambi\u00e9n, de la D.O. Jam\u00f3n de Trev\u00e9lez, ha realizado una serie de demostraciones y degustaciones, &#8220;por todo lo alto&#8221;. Instalado en Montebajo a la llegada de meta y entre nieves, ejerc\u00eda su profesi\u00f3n, y adem\u00e1s respetando su uniforme de cortador, como se aprecia en la foto. Todos los competidores ten\u00edan premio seguro a su llegada: un buen plato de jam\u00f3n serrano<\/p>\n<p>Lugar: Sierra Nevada<br \/>\nEvento: Copa del Mundo de Snowboard y Freestyle<br \/>\nFechas: Del 23 al 31de marzo<br \/>\nCorte: Todos los medios d\u00edas Mu\u00f1oz se alineaba en la meta y ofrec\u00eda jam\u00f3n serrano reci\u00e9n cortado.<br \/>\nTiendas: Hay tres. Su Taberna Jam, en plaza de los Campos. con varios tipos de jam\u00f3n al corte, tapas y raciones. Y dos tiendas. Una en Carrera de Darro, 64 y otra en calle Gardenia 1 con variados tipos<\/p>\n<p>&nbsp;<\/p>\n<!-- AddThis Advanced Settings generic via filter on the_content --><!-- AddThis Share Buttons generic via filter on the_content -->","protected":false},"excerpt":{"rendered":"<p>Nuestro campe\u00f3n de Espa\u00f1a de corte de jam\u00f3n, el granadino Jos\u00e9 \u00c1ngel Mu\u00f1oz, cortador oficial del jam\u00f3n m\u00e1s caro del mundo (4.500 euros el kilo) de Arturo S\u00e1nchez y cortador oficial, tambi\u00e9n, de la D.O. Jam\u00f3n de Trev\u00e9lez, ha realizado una serie de demostraciones y degustaciones, &#8220;por todo lo alto&#8221;. Instalado en Montebajo a la [&hellip;]<!-- AddThis Advanced Settings generic via filter on get_the_excerpt --><!-- AddThis Share Buttons generic via filter on get_the_excerpt --><\/p>\n","protected":false},"author":5,"featured_media":0,"comment_status":"open","ping_status":"closed","sticky":false,"template":"","format":"standard","meta":[],"categories":[3],"tags":[],"_links":{"self":[{"href":"https:\/\/blogs.ideal.es\/cocina\/wp-json\/wp\/v2\/posts\/963"}],"collection":[{"href":"https:\/\/blogs.ideal.es\/cocina\/wp-json\/wp\/v2\/posts"}],"about":[{"href":"https:\/\/blogs.ideal.es\/cocina\/wp-json\/wp\/v2\/types\/post"}],"author":[{"embeddable":true,"href":"https:\/\/blogs.ideal.es\/cocina\/wp-json\/wp\/v2\/users\/5"}],"replies":[{"embeddable":true,"href":"https:\/\/blogs.ideal.es\/cocina\/wp-json\/wp\/v2\/comments?post=963"}],"version-history":[{"count":0,"href":"https:\/\/blogs.ideal.es\/cocina\/wp-json\/wp\/v2\/posts\/963\/revisions"}],"wp:attachment":[{"href":"https:\/\/blogs.ideal.es\/cocina\/wp-json\/wp\/v2\/media?parent=963"}],"wp:term":[{"taxonomy":"category","embeddable":true,"href":"https:\/\/blogs.ideal.es\/cocina\/wp-json\/wp\/v2\/categories?post=963"},{"taxonomy":"post_tag","embeddable":true,"href":"https:\/\/blogs.ideal.es\/cocina\/wp-json\/wp\/v2\/tags?post=963"}],"curies":[{"name":"wp","href":"https:\/\/api.w.org\/{rel}","templated":true}]}}