{"id":967,"date":"2013-04-08T19:38:30","date_gmt":"2013-04-08T18:38:30","guid":{"rendered":"http:\/\/blogs.ideal.es\/cocina\/?p=967"},"modified":"2013-04-08T19:38:30","modified_gmt":"2013-04-08T18:38:30","slug":"las-naranjas-lola-navelinas-en-confitura","status":"publish","type":"post","link":"https:\/\/blogs.ideal.es\/cocina\/2013\/04\/08\/las-naranjas-lola-navelinas-en-confitura\/","title":{"rendered":"Las naranjas Lola &#8220;navelinas&#8221; en confitura"},"content":{"rendered":"<p><a href=\"\/cocina\/wp-content\/uploads\/sites\/9\/2013\/04\/020413.jpg\"><img loading=\"lazy\" class=\"aligncenter size-medium wp-image-968\" title=\"020413\" src=\"\/cocina\/wp-content\/uploads\/sites\/9\/2013\/04\/020413-151x300.jpg\" alt=\"\" width=\"151\" height=\"300\" \/><\/a><\/p>\n<p>Como en todo, y en el caso de las naranjas, las hay de muchos tipos. Y hoy les cuento sobre la variedad navelina, de la que se hace tambi\u00e9n una confitura. Es de origen americano, debido a una mutaci\u00f3n en California de la naranja navel o de ombligo. Su comercializaci\u00f3n comenz\u00f3 en los 70. Y seg\u00fan la informaci\u00f3n de la p\u00e1gina de las naranjas, indica que la naranja navelina es de inferior en tama\u00f1o y color anaranjado.<\/p>\n<!-- AddThis Advanced Settings generic via filter on the_content --><!-- AddThis Share Buttons generic via filter on the_content -->","protected":false},"excerpt":{"rendered":"<p>Como en todo, y en el caso de las naranjas, las hay de muchos tipos. Y hoy les cuento sobre la variedad navelina, de la que se hace tambi\u00e9n una confitura. Es de origen americano, debido a una mutaci\u00f3n en California de la naranja navel o de ombligo. Su comercializaci\u00f3n comenz\u00f3 en los 70. Y [&hellip;]<!-- AddThis Advanced Settings generic via filter on get_the_excerpt --><!-- AddThis Share Buttons generic via filter on get_the_excerpt --><\/p>\n","protected":false},"author":5,"featured_media":0,"comment_status":"open","ping_status":"closed","sticky":false,"template":"","format":"standard","meta":[],"categories":[3,4,8,11,12],"tags":[],"_links":{"self":[{"href":"https:\/\/blogs.ideal.es\/cocina\/wp-json\/wp\/v2\/posts\/967"}],"collection":[{"href":"https:\/\/blogs.ideal.es\/cocina\/wp-json\/wp\/v2\/posts"}],"about":[{"href":"https:\/\/blogs.ideal.es\/cocina\/wp-json\/wp\/v2\/types\/post"}],"author":[{"embeddable":true,"href":"https:\/\/blogs.ideal.es\/cocina\/wp-json\/wp\/v2\/users\/5"}],"replies":[{"embeddable":true,"href":"https:\/\/blogs.ideal.es\/cocina\/wp-json\/wp\/v2\/comments?post=967"}],"version-history":[{"count":0,"href":"https:\/\/blogs.ideal.es\/cocina\/wp-json\/wp\/v2\/posts\/967\/revisions"}],"wp:attachment":[{"href":"https:\/\/blogs.ideal.es\/cocina\/wp-json\/wp\/v2\/media?parent=967"}],"wp:term":[{"taxonomy":"category","embeddable":true,"href":"https:\/\/blogs.ideal.es\/cocina\/wp-json\/wp\/v2\/categories?post=967"},{"taxonomy":"post_tag","embeddable":true,"href":"https:\/\/blogs.ideal.es\/cocina\/wp-json\/wp\/v2\/tags?post=967"}],"curies":[{"name":"wp","href":"https:\/\/api.w.org\/{rel}","templated":true}]}}