{"id":973,"date":"2013-04-10T10:43:36","date_gmt":"2013-04-10T09:43:36","guid":{"rendered":"http:\/\/blogs.ideal.es\/cocina\/?p=973"},"modified":"2013-04-10T10:43:36","modified_gmt":"2013-04-10T09:43:36","slug":"la-tala-nueva-cerveceria-en-el-corazon-del-realejo","status":"publish","type":"post","link":"https:\/\/blogs.ideal.es\/cocina\/2013\/04\/10\/la-tala-nueva-cerveceria-en-el-corazon-del-realejo\/","title":{"rendered":"La Tala, nueva cervecer\u00eda en el coraz\u00f3n del Realejo"},"content":{"rendered":"<p><a href=\"\/cocina\/wp-content\/uploads\/sites\/9\/2013\/04\/Foto-media-060413.jpg\"><img loading=\"lazy\" class=\"aligncenter size-medium wp-image-974\" title=\"Foto media 060413\" src=\"\/cocina\/wp-content\/uploads\/sites\/9\/2013\/04\/Foto-media-060413-300x225.jpg\" alt=\"\" width=\"300\" height=\"225\" srcset=\"https:\/\/static-blogs.ideal.es\/wp-content\/uploads\/sites\/9\/2013\/04\/Foto-media-060413-300x225.jpg 300w, https:\/\/static-blogs.ideal.es\/wp-content\/uploads\/sites\/9\/2013\/04\/Foto-media-060413-768x576.jpg 768w, https:\/\/static-blogs.ideal.es\/wp-content\/uploads\/sites\/9\/2013\/04\/Foto-media-060413.jpg 900w\" sizes=\"(max-width: 300px) 100vw, 300px\" \/><\/a><\/p>\n<p>Bienvenido el nuevo negocio de la mano de Ram\u00f3n de la Chica y su socio, que cuenta adem\u00e1s con la direcci\u00f3n t\u00e9cnica de Alfonso Arag\u00f3n. La Tala es el nombre del palacete y hotel rural con cuevas que tiene de la Chica en Guadix. Y le ha querido poner ese nombre a este espacio donde se ofrece tapeo, cerveza Alhambra y vinos, por ahora. Pues tienen previsto disponer de un espacio &#8211; club para fumadores y la posibilidad de ver las mejores ferias taurinas en sus salones. Adem\u00e1s de el\u00a0f\u00fatbol, por supuesto. Las tapas se eligen y se hacen frente al cliente en la barra.<\/p>\n<p>Lugar: Bar La Tala<br \/>\nDirecci\u00f3n: Plaza del Realejo 11. Granada<br \/>\nHorario: De lunes a jueves cierran de 17 a 20 horas. El fin de semana abierto desde las 12 del mediod\u00eda.<br \/>\nTapas: Se pueden elegir de un listado y van incluidas en el precio. la ca\u00f1a o refresco vale 1,90. La copa de cerveza 2,10 y la de vino a 2,60. La tapa extra vale a 1 euro.<br \/>\nPinchos: Hay surtido y la bebida con esta tapa sube 20 c\u00e9ntimos<\/p>\n<!-- AddThis Advanced Settings generic via filter on the_content --><!-- AddThis Share Buttons generic via filter on the_content -->","protected":false},"excerpt":{"rendered":"<p>Bienvenido el nuevo negocio de la mano de Ram\u00f3n de la Chica y su socio, que cuenta adem\u00e1s con la direcci\u00f3n t\u00e9cnica de Alfonso Arag\u00f3n. La Tala es el nombre del palacete y hotel rural con cuevas que tiene de la Chica en Guadix. Y le ha querido poner ese nombre a este espacio donde [&hellip;]<!-- AddThis Advanced Settings generic via filter on get_the_excerpt --><!-- AddThis Share Buttons generic via filter on get_the_excerpt --><\/p>\n","protected":false},"author":5,"featured_media":0,"comment_status":"open","ping_status":"closed","sticky":false,"template":"","format":"standard","meta":[],"categories":[3,4],"tags":[],"_links":{"self":[{"href":"https:\/\/blogs.ideal.es\/cocina\/wp-json\/wp\/v2\/posts\/973"}],"collection":[{"href":"https:\/\/blogs.ideal.es\/cocina\/wp-json\/wp\/v2\/posts"}],"about":[{"href":"https:\/\/blogs.ideal.es\/cocina\/wp-json\/wp\/v2\/types\/post"}],"author":[{"embeddable":true,"href":"https:\/\/blogs.ideal.es\/cocina\/wp-json\/wp\/v2\/users\/5"}],"replies":[{"embeddable":true,"href":"https:\/\/blogs.ideal.es\/cocina\/wp-json\/wp\/v2\/comments?post=973"}],"version-history":[{"count":0,"href":"https:\/\/blogs.ideal.es\/cocina\/wp-json\/wp\/v2\/posts\/973\/revisions"}],"wp:attachment":[{"href":"https:\/\/blogs.ideal.es\/cocina\/wp-json\/wp\/v2\/media?parent=973"}],"wp:term":[{"taxonomy":"category","embeddable":true,"href":"https:\/\/blogs.ideal.es\/cocina\/wp-json\/wp\/v2\/categories?post=973"},{"taxonomy":"post_tag","embeddable":true,"href":"https:\/\/blogs.ideal.es\/cocina\/wp-json\/wp\/v2\/tags?post=973"}],"curies":[{"name":"wp","href":"https:\/\/api.w.org\/{rel}","templated":true}]}}