{"id":975,"date":"2013-04-10T19:44:32","date_gmt":"2013-04-10T18:44:32","guid":{"rendered":"http:\/\/blogs.ideal.es\/cocina\/?p=975"},"modified":"2013-04-10T19:44:32","modified_gmt":"2013-04-10T18:44:32","slug":"viena-amenidad-es-la-guias-espiral","status":"publish","type":"post","link":"https:\/\/blogs.ideal.es\/cocina\/2013\/04\/10\/viena-amenidad-es-la-guias-espiral\/","title":{"rendered":"Viena amenidad es la gu\u00edas espiral"},"content":{"rendered":"<p><a href=\"\/cocina\/wp-content\/uploads\/sites\/9\/2013\/04\/040413.jpg\"><img loading=\"lazy\" class=\"aligncenter size-medium wp-image-976\" title=\"040413\" src=\"\/cocina\/wp-content\/uploads\/sites\/9\/2013\/04\/040413-177x300.jpg\" alt=\"\" width=\"177\" height=\"300\" srcset=\"https:\/\/static-blogs.ideal.es\/wp-content\/uploads\/sites\/9\/2013\/04\/040413-177x300.jpg 177w, https:\/\/static-blogs.ideal.es\/wp-content\/uploads\/sites\/9\/2013\/04\/040413.jpg 532w\" sizes=\"(max-width: 177px) 100vw, 177px\" \/><\/a><\/p>\n<p>Hoy d\u00eda a una gu\u00eda de viajes, m\u00e1s o menos de bolsillo, se le pide informaci\u00f3n, pistas y detalles. Pero no literatura de relleno. Y eso lo tienen muy claro a la hora de escribir este tipo de gu\u00edas. Hay una serie de curiosidades e informaci\u00f3n, donde se cuenta como desplazarse, alojamiento, comida y bebidas, compras, ocio, vida nocturna, planos, etc. Y despu\u00e9s se proponen una serie de itinerarios, editado por El Pa\u00eds Aguilar<\/p>\n<!-- AddThis Advanced Settings generic via filter on the_content --><!-- AddThis Share Buttons generic via filter on the_content -->","protected":false},"excerpt":{"rendered":"<p>Hoy d\u00eda a una gu\u00eda de viajes, m\u00e1s o menos de bolsillo, se le pide informaci\u00f3n, pistas y detalles. Pero no literatura de relleno. Y eso lo tienen muy claro a la hora de escribir este tipo de gu\u00edas. Hay una serie de curiosidades e informaci\u00f3n, donde se cuenta como desplazarse, alojamiento, comida y bebidas, [&hellip;]<!-- AddThis Advanced Settings generic via filter on get_the_excerpt --><!-- AddThis Share Buttons generic via filter on get_the_excerpt --><\/p>\n","protected":false},"author":5,"featured_media":0,"comment_status":"open","ping_status":"closed","sticky":false,"template":"","format":"standard","meta":[],"categories":[3,10],"tags":[],"_links":{"self":[{"href":"https:\/\/blogs.ideal.es\/cocina\/wp-json\/wp\/v2\/posts\/975"}],"collection":[{"href":"https:\/\/blogs.ideal.es\/cocina\/wp-json\/wp\/v2\/posts"}],"about":[{"href":"https:\/\/blogs.ideal.es\/cocina\/wp-json\/wp\/v2\/types\/post"}],"author":[{"embeddable":true,"href":"https:\/\/blogs.ideal.es\/cocina\/wp-json\/wp\/v2\/users\/5"}],"replies":[{"embeddable":true,"href":"https:\/\/blogs.ideal.es\/cocina\/wp-json\/wp\/v2\/comments?post=975"}],"version-history":[{"count":0,"href":"https:\/\/blogs.ideal.es\/cocina\/wp-json\/wp\/v2\/posts\/975\/revisions"}],"wp:attachment":[{"href":"https:\/\/blogs.ideal.es\/cocina\/wp-json\/wp\/v2\/media?parent=975"}],"wp:term":[{"taxonomy":"category","embeddable":true,"href":"https:\/\/blogs.ideal.es\/cocina\/wp-json\/wp\/v2\/categories?post=975"},{"taxonomy":"post_tag","embeddable":true,"href":"https:\/\/blogs.ideal.es\/cocina\/wp-json\/wp\/v2\/tags?post=975"}],"curies":[{"name":"wp","href":"https:\/\/api.w.org\/{rel}","templated":true}]}}