{"id":977,"date":"2013-04-10T19:57:52","date_gmt":"2013-04-10T18:57:52","guid":{"rendered":"http:\/\/blogs.ideal.es\/cocina\/?p=977"},"modified":"2013-04-10T19:57:52","modified_gmt":"2013-04-10T18:57:52","slug":"aceite-castillo-de-tabernas-edicion-2013","status":"publish","type":"post","link":"https:\/\/blogs.ideal.es\/cocina\/2013\/04\/10\/aceite-castillo-de-tabernas-edicion-2013\/","title":{"rendered":"Aceite Castillo de Tabernas Edici\u00f3n 2013"},"content":{"rendered":"<p><a href=\"\/cocina\/wp-content\/uploads\/sites\/9\/2013\/04\/050413.jpg\"><img loading=\"lazy\" class=\"aligncenter size-medium wp-image-978\" title=\"050413\" src=\"\/cocina\/wp-content\/uploads\/sites\/9\/2013\/04\/050413-75x300.jpg\" alt=\"\" width=\"75\" height=\"300\" \/><\/a><\/p>\n<p>La familia \u00dabeda apost\u00f3 por cultivar los mejores tipos de olivares en un territorio muy especial. Son los situados en el desierto del t\u00e9rmino municipal de Tabernas en la provincia de Almer\u00eda. Logrando un excelso producto, que ha conseguido llamar la atenci\u00f3n tanto en el ambiente nutricional como en el gastron\u00f3mico. La temperatura de extracci\u00f3n es de 20\u00ba, rendimiento bajo, mayor calidad, siendo un coupage<\/p>\n<!-- AddThis Advanced Settings generic via filter on the_content --><!-- AddThis Share Buttons generic via filter on the_content -->","protected":false},"excerpt":{"rendered":"<p>La familia \u00dabeda apost\u00f3 por cultivar los mejores tipos de olivares en un territorio muy especial. Son los situados en el desierto del t\u00e9rmino municipal de Tabernas en la provincia de Almer\u00eda. Logrando un excelso producto, que ha conseguido llamar la atenci\u00f3n tanto en el ambiente nutricional como en el gastron\u00f3mico. La temperatura de extracci\u00f3n [&hellip;]<!-- AddThis Advanced Settings generic via filter on get_the_excerpt --><!-- AddThis Share Buttons generic via filter on get_the_excerpt --><\/p>\n","protected":false},"author":5,"featured_media":0,"comment_status":"open","ping_status":"closed","sticky":false,"template":"","format":"standard","meta":[],"categories":[3,4,14],"tags":[],"_links":{"self":[{"href":"https:\/\/blogs.ideal.es\/cocina\/wp-json\/wp\/v2\/posts\/977"}],"collection":[{"href":"https:\/\/blogs.ideal.es\/cocina\/wp-json\/wp\/v2\/posts"}],"about":[{"href":"https:\/\/blogs.ideal.es\/cocina\/wp-json\/wp\/v2\/types\/post"}],"author":[{"embeddable":true,"href":"https:\/\/blogs.ideal.es\/cocina\/wp-json\/wp\/v2\/users\/5"}],"replies":[{"embeddable":true,"href":"https:\/\/blogs.ideal.es\/cocina\/wp-json\/wp\/v2\/comments?post=977"}],"version-history":[{"count":0,"href":"https:\/\/blogs.ideal.es\/cocina\/wp-json\/wp\/v2\/posts\/977\/revisions"}],"wp:attachment":[{"href":"https:\/\/blogs.ideal.es\/cocina\/wp-json\/wp\/v2\/media?parent=977"}],"wp:term":[{"taxonomy":"category","embeddable":true,"href":"https:\/\/blogs.ideal.es\/cocina\/wp-json\/wp\/v2\/categories?post=977"},{"taxonomy":"post_tag","embeddable":true,"href":"https:\/\/blogs.ideal.es\/cocina\/wp-json\/wp\/v2\/tags?post=977"}],"curies":[{"name":"wp","href":"https:\/\/api.w.org\/{rel}","templated":true}]}}