{"id":979,"date":"2013-04-12T11:35:05","date_gmt":"2013-04-12T10:35:05","guid":{"rendered":"http:\/\/blogs.ideal.es\/cocina\/?p=979"},"modified":"2013-04-12T11:35:05","modified_gmt":"2013-04-12T10:35:05","slug":"tomates-raf-de-cabo-de-gata","status":"publish","type":"post","link":"https:\/\/blogs.ideal.es\/cocina\/2013\/04\/12\/tomates-raf-de-cabo-de-gata\/","title":{"rendered":"Tomates Raf de Cabo de Gata"},"content":{"rendered":"<p><a href=\"\/cocina\/wp-content\/uploads\/sites\/9\/2013\/04\/070413.jpg\"><img loading=\"lazy\" class=\"aligncenter size-medium wp-image-980\" title=\"070413\" src=\"\/cocina\/wp-content\/uploads\/sites\/9\/2013\/04\/070413-300x224.jpg\" alt=\"\" width=\"300\" height=\"224\" \/><\/a><\/p>\n<p>Yo siempre aconsejo comer lo m\u00e1s sano posible. Y donde se da uno cuenta de lo que nos perdemos es cuando visitamos un mercado de alimentos. El otro d\u00eda disfrut\u00e9 el mercado de Almer\u00eda capital. Un lujo de productos aut\u00f3ctonos. Entre ellos estos tomates de cultivo natural de Cabo de Gata. El precio no es nada barato. Pero la calidad y sabor est\u00e1 asegurado. Si le gusta la gastronom\u00eda, conozca los productos<\/p>\n<!-- AddThis Advanced Settings generic via filter on the_content --><!-- AddThis Share Buttons generic via filter on the_content -->","protected":false},"excerpt":{"rendered":"<p>Yo siempre aconsejo comer lo m\u00e1s sano posible. Y donde se da uno cuenta de lo que nos perdemos es cuando visitamos un mercado de alimentos. El otro d\u00eda disfrut\u00e9 el mercado de Almer\u00eda capital. Un lujo de productos aut\u00f3ctonos. Entre ellos estos tomates de cultivo natural de Cabo de Gata. El precio no es [&hellip;]<!-- AddThis Advanced Settings generic via filter on get_the_excerpt --><!-- AddThis Share Buttons generic via filter on get_the_excerpt --><\/p>\n","protected":false},"author":5,"featured_media":0,"comment_status":"open","ping_status":"closed","sticky":false,"template":"","format":"standard","meta":[],"categories":[3,4,8,14],"tags":[],"_links":{"self":[{"href":"https:\/\/blogs.ideal.es\/cocina\/wp-json\/wp\/v2\/posts\/979"}],"collection":[{"href":"https:\/\/blogs.ideal.es\/cocina\/wp-json\/wp\/v2\/posts"}],"about":[{"href":"https:\/\/blogs.ideal.es\/cocina\/wp-json\/wp\/v2\/types\/post"}],"author":[{"embeddable":true,"href":"https:\/\/blogs.ideal.es\/cocina\/wp-json\/wp\/v2\/users\/5"}],"replies":[{"embeddable":true,"href":"https:\/\/blogs.ideal.es\/cocina\/wp-json\/wp\/v2\/comments?post=979"}],"version-history":[{"count":0,"href":"https:\/\/blogs.ideal.es\/cocina\/wp-json\/wp\/v2\/posts\/979\/revisions"}],"wp:attachment":[{"href":"https:\/\/blogs.ideal.es\/cocina\/wp-json\/wp\/v2\/media?parent=979"}],"wp:term":[{"taxonomy":"category","embeddable":true,"href":"https:\/\/blogs.ideal.es\/cocina\/wp-json\/wp\/v2\/categories?post=979"},{"taxonomy":"post_tag","embeddable":true,"href":"https:\/\/blogs.ideal.es\/cocina\/wp-json\/wp\/v2\/tags?post=979"}],"curies":[{"name":"wp","href":"https:\/\/api.w.org\/{rel}","templated":true}]}}