{"id":985,"date":"2013-04-15T12:02:45","date_gmt":"2013-04-15T11:02:45","guid":{"rendered":"http:\/\/blogs.ideal.es\/cocina\/?p=985"},"modified":"2013-04-15T12:02:45","modified_gmt":"2013-04-15T11:02:45","slug":"del-mercado-a-la-mesa-de-bruno-oteiza","status":"publish","type":"post","link":"https:\/\/blogs.ideal.es\/cocina\/2013\/04\/15\/del-mercado-a-la-mesa-de-bruno-oteiza\/","title":{"rendered":"Del mercado a la mesa de Bruno Oteiza"},"content":{"rendered":"<p><a href=\"\/cocina\/wp-content\/uploads\/sites\/9\/2013\/04\/100413.jpg\"><img loading=\"lazy\" class=\"aligncenter size-medium wp-image-986\" title=\"100413\" src=\"\/cocina\/wp-content\/uploads\/sites\/9\/2013\/04\/100413-263x300.jpg\" alt=\"\" width=\"263\" height=\"300\" srcset=\"https:\/\/static-blogs.ideal.es\/wp-content\/uploads\/sites\/9\/2013\/04\/100413-263x300.jpg 263w, https:\/\/static-blogs.ideal.es\/wp-content\/uploads\/sites\/9\/2013\/04\/100413-768x876.jpg 768w, https:\/\/static-blogs.ideal.es\/wp-content\/uploads\/sites\/9\/2013\/04\/100413.jpg 789w\" sizes=\"(max-width: 263px) 100vw, 263px\" \/><\/a><\/p>\n<p>La editorial Bainet (la de Carlos Argui\u00f1ano) saca un nuevo libro. Donde el cocinero Bruno Oteiza indica y propone platos de la cocina de mercado. Bruno tiene un programa de cocina diariamente en televisi\u00f3n. Concretamente en Nova. Este libro selecciona 100 productos del mercado y con ellos ha cocinado m\u00e1s de 250 recetas, con fotos a color y muchas posibilidades. Tiene 216 p\u00e1ginas y vale 22,95 euros<\/p>\n<!-- AddThis Advanced Settings generic via filter on the_content --><!-- AddThis Share Buttons generic via filter on the_content -->","protected":false},"excerpt":{"rendered":"<p>La editorial Bainet (la de Carlos Argui\u00f1ano) saca un nuevo libro. Donde el cocinero Bruno Oteiza indica y propone platos de la cocina de mercado. Bruno tiene un programa de cocina diariamente en televisi\u00f3n. Concretamente en Nova. Este libro selecciona 100 productos del mercado y con ellos ha cocinado m\u00e1s de 250 recetas, con fotos [&hellip;]<!-- AddThis Advanced Settings generic via filter on get_the_excerpt --><!-- AddThis Share Buttons generic via filter on get_the_excerpt --><\/p>\n","protected":false},"author":5,"featured_media":0,"comment_status":"open","ping_status":"closed","sticky":false,"template":"","format":"standard","meta":[],"categories":[3,4,10],"tags":[],"_links":{"self":[{"href":"https:\/\/blogs.ideal.es\/cocina\/wp-json\/wp\/v2\/posts\/985"}],"collection":[{"href":"https:\/\/blogs.ideal.es\/cocina\/wp-json\/wp\/v2\/posts"}],"about":[{"href":"https:\/\/blogs.ideal.es\/cocina\/wp-json\/wp\/v2\/types\/post"}],"author":[{"embeddable":true,"href":"https:\/\/blogs.ideal.es\/cocina\/wp-json\/wp\/v2\/users\/5"}],"replies":[{"embeddable":true,"href":"https:\/\/blogs.ideal.es\/cocina\/wp-json\/wp\/v2\/comments?post=985"}],"version-history":[{"count":0,"href":"https:\/\/blogs.ideal.es\/cocina\/wp-json\/wp\/v2\/posts\/985\/revisions"}],"wp:attachment":[{"href":"https:\/\/blogs.ideal.es\/cocina\/wp-json\/wp\/v2\/media?parent=985"}],"wp:term":[{"taxonomy":"category","embeddable":true,"href":"https:\/\/blogs.ideal.es\/cocina\/wp-json\/wp\/v2\/categories?post=985"},{"taxonomy":"post_tag","embeddable":true,"href":"https:\/\/blogs.ideal.es\/cocina\/wp-json\/wp\/v2\/tags?post=985"}],"curies":[{"name":"wp","href":"https:\/\/api.w.org\/{rel}","templated":true}]}}