{"id":434,"date":"2012-05-10T09:48:38","date_gmt":"2012-05-10T08:48:38","guid":{"rendered":"http:\/\/blogs.ideal.es\/jaeneconomia\/?p=434"},"modified":"2012-05-10T09:48:38","modified_gmt":"2012-05-10T08:48:38","slug":"un-moneo-abandonado","status":"publish","type":"post","link":"https:\/\/blogs.ideal.es\/jaeneconomia\/2012\/05\/10\/un-moneo-abandonado\/","title":{"rendered":"Un moneo abandonado"},"content":{"rendered":"<p>\u00a0Si la memoria no me falla, hace ya m\u00e1s de ocho a\u00f1os que el flamante Banco de Espa\u00f1a de la capital est\u00e1 <strong>cerrado a cal y canto&#8230; y deterior\u00e1ndose<\/strong>. En las paredes de este espectacular inmueble, que emula en sus formas a la caja de seguridad de una entidad financiera, proliferan las pintadas.<\/p>\n<p>\u00bfY por qu\u00e9 saco este tema hoy a colaci\u00f3n? Pues porque ayer el arquitecto del Banco de Espa\u00f1a, Rafael Moneo, fue elegido Premio Pr\u00edncipe de Asturias de las Artes. Es el momento id\u00f3neo para reivindicar que este edificio, una verdadera obra de arte, <strong>sirva para algo m\u00e1s que para que aniden las palomas<\/strong>, aparquen los coches y los \u2018artistas\u2019 del spray den rienda suelta a su imaginaci\u00f3n. Que si conservatorio, que si comisar\u00eda de polic\u00eda, que si archivo, que si sala de exposiciones&#8230; demasiado tiempo d\u00e1ndole vueltas al asunto y, lamentablemente, ninguna soluci\u00f3n sobre la mesa.<\/p>\n<p>By Mar\u00eda Capilla de la Calle<\/p>\n","protected":false},"excerpt":{"rendered":"<p>\u00a0Si la memoria no me falla, hace ya m\u00e1s de ocho a\u00f1os que el flamante Banco de Espa\u00f1a de la capital est\u00e1 cerrado a cal y canto&#8230; y deterior\u00e1ndose. En las paredes de este espectacular inmueble, que emula en sus formas a la caja de seguridad de una entidad financiera, proliferan las pintadas. \u00bfY por [&hellip;]<\/p>\n","protected":false},"author":2,"featured_media":0,"comment_status":"open","ping_status":"closed","sticky":false,"template":"","format":"standard","meta":[],"categories":[7],"tags":[],"_links":{"self":[{"href":"https:\/\/blogs.ideal.es\/jaeneconomia\/wp-json\/wp\/v2\/posts\/434"}],"collection":[{"href":"https:\/\/blogs.ideal.es\/jaeneconomia\/wp-json\/wp\/v2\/posts"}],"about":[{"href":"https:\/\/blogs.ideal.es\/jaeneconomia\/wp-json\/wp\/v2\/types\/post"}],"author":[{"embeddable":true,"href":"https:\/\/blogs.ideal.es\/jaeneconomia\/wp-json\/wp\/v2\/users\/2"}],"replies":[{"embeddable":true,"href":"https:\/\/blogs.ideal.es\/jaeneconomia\/wp-json\/wp\/v2\/comments?post=434"}],"version-history":[{"count":0,"href":"https:\/\/blogs.ideal.es\/jaeneconomia\/wp-json\/wp\/v2\/posts\/434\/revisions"}],"wp:attachment":[{"href":"https:\/\/blogs.ideal.es\/jaeneconomia\/wp-json\/wp\/v2\/media?parent=434"}],"wp:term":[{"taxonomy":"category","embeddable":true,"href":"https:\/\/blogs.ideal.es\/jaeneconomia\/wp-json\/wp\/v2\/categories?post=434"},{"taxonomy":"post_tag","embeddable":true,"href":"https:\/\/blogs.ideal.es\/jaeneconomia\/wp-json\/wp\/v2\/tags?post=434"}],"curies":[{"name":"wp","href":"https:\/\/api.w.org\/{rel}","templated":true}]}}