{"id":458,"date":"2012-07-04T10:09:56","date_gmt":"2012-07-04T09:09:56","guid":{"rendered":"http:\/\/blogs.ideal.es\/jaeneconomia\/?p=458"},"modified":"2012-07-04T10:09:56","modified_gmt":"2012-07-04T09:09:56","slug":"un-poco-de-aire-fresco","status":"publish","type":"post","link":"https:\/\/blogs.ideal.es\/jaeneconomia\/2012\/07\/04\/un-poco-de-aire-fresco\/","title":{"rendered":"Un poco de aire fresco"},"content":{"rendered":"<p>&nbsp;<\/p>\n<p>Despu\u00e9s de lo sucedido el a\u00f1o pasado, cuando el paro tan s\u00f3lo se redujo en 42 personas en la provincia, los datos publicados ayer por el Servicio P\u00fablico de Empleo (SPE) se esperaban con mucha cautela. Hist\u00f3ricamente la \u2018cosa\u2019 funciona bien en estas fechas, pero&#8230; Pues eso, puntos suspensivos. <strong>Dudas m\u00e1s que razonables habida cuenta de que en aquel momento est\u00e1bamos en crisis y ahora, en recesi\u00f3n<\/strong>. Finalmente, algo m\u00e1s que alivio. Haciendo un juego f\u00e1cil de palabras, podr\u00eda decirse que las cifras son favorables \u2013el mejor junio de los \u00faltimos diecis\u00e9is a\u00f1os\u2013 pero en un contexto cada vez m\u00e1s desfavorable. Y es que el hecho de que haya 1.480 demandantes menos en el SPE \u2013recuerden que en 2011 tan s\u00f3lo se pudieron restar 42\u2013 no se debe computar en el \u2018haber\u2019 de la econom\u00eda jienense sino en el \u2018debe\u2019. La mayor\u00eda de ellos no encontraron trabajo en la provincia de Ja\u00e9n, sino fuera de ella. Fundamentalmente en destinos del litoral, donde muchas empresas necesitan reforzar sus plantillas por el inicio de las vacaciones. Se estima que, tomando como base los informes sobre movilidad que elabora el SPE y loas c\u00e1lculos de los sindicatos, unos 6.500 paisanos se ocupan durante la \u00e9poca estival en bares, restaurantes, mesones, hoteles, discotecas, parques tem\u00e1ticos y dem\u00e1s.<\/p>\n<p>A pesar del importante descenso, la comparativa anual sigue siendo muy negativa. En el \u00faltimo a\u00f1o hay 8.394 parados m\u00e1s en Ja\u00e9n, lo que supone un incremento del 15,39 por ciento en t\u00e9rminos relativos. Sirva como referencia que en la comunidad aut\u00f3noma andaluza se observa un aumento del 12,70 por ciento, mientras que en el conjunto de Espa\u00f1a la subida es ligeramente inferior, del 11,97 por ciento. <strong>Magnitudes todas alarmantes y que se corresponden con el gui\u00f3n\u00a0escrito por el propio Gobierno en el decreto \u2013ya convertido en ley\u2013 de reforma del Estatuto de los Trabajadores<\/strong>. Se seguir\u00e1 destruyendo empleo a corto plazo.<\/p>\n<p>Exceptuando la recolecci\u00f3n de la aceituna, la temporada agr\u00edcola que concentra mayor requerimiento de mano de obra en menos tiempo, y las campa\u00f1as vinculadas al turismo, fundamentalmente en verano, la aton\u00eda es generalizada en todos los sectores productivos. Los n\u00fameros publicados por el SPE este martes as\u00ed lo demuestran. En este primer semestre se contabilizan 181.861 contratos en Ja\u00e9n. A estas alturas de 2011 se sumaban 227.515. Estamos hablando de casi 46.000 menos. <strong>No se vende, no se produce, no se precisa personal<\/strong>. Esto explica que haya 8.400 inscripciones m\u00e1s en el SPE. En cualquier caso \u2013y esto es importante\u2013 el mes pasado s\u00ed se rompi\u00f3 esa tendencia en lo que llevamos de 2012 y se aprecia una mejor\u00eda, con 1.400 altas laborales m\u00e1s que en el mismo periodo de 2011. Gracias a ello, la afiliaci\u00f3n a la Seguridad Social tambi\u00e9n crece levemente, un 0,14 por ciento, aunque la variaci\u00f3n interanual sigue en rojo, con una ca\u00edda del 3,57 por ciento. El promedio de cotizantes se sit\u00faa ahora mismo en 232.107.<\/p>\n","protected":false},"excerpt":{"rendered":"<p>&nbsp; Despu\u00e9s de lo sucedido el a\u00f1o pasado, cuando el paro tan s\u00f3lo se redujo en 42 personas en la provincia, los datos publicados ayer por el Servicio P\u00fablico de Empleo (SPE) se esperaban con mucha cautela. Hist\u00f3ricamente la \u2018cosa\u2019 funciona bien en estas fechas, pero&#8230; Pues eso, puntos suspensivos. Dudas m\u00e1s que razonables habida [&hellip;]<\/p>\n","protected":false},"author":2,"featured_media":0,"comment_status":"open","ping_status":"closed","sticky":false,"template":"","format":"standard","meta":[],"categories":[2],"tags":[],"_links":{"self":[{"href":"https:\/\/blogs.ideal.es\/jaeneconomia\/wp-json\/wp\/v2\/posts\/458"}],"collection":[{"href":"https:\/\/blogs.ideal.es\/jaeneconomia\/wp-json\/wp\/v2\/posts"}],"about":[{"href":"https:\/\/blogs.ideal.es\/jaeneconomia\/wp-json\/wp\/v2\/types\/post"}],"author":[{"embeddable":true,"href":"https:\/\/blogs.ideal.es\/jaeneconomia\/wp-json\/wp\/v2\/users\/2"}],"replies":[{"embeddable":true,"href":"https:\/\/blogs.ideal.es\/jaeneconomia\/wp-json\/wp\/v2\/comments?post=458"}],"version-history":[{"count":0,"href":"https:\/\/blogs.ideal.es\/jaeneconomia\/wp-json\/wp\/v2\/posts\/458\/revisions"}],"wp:attachment":[{"href":"https:\/\/blogs.ideal.es\/jaeneconomia\/wp-json\/wp\/v2\/media?parent=458"}],"wp:term":[{"taxonomy":"category","embeddable":true,"href":"https:\/\/blogs.ideal.es\/jaeneconomia\/wp-json\/wp\/v2\/categories?post=458"},{"taxonomy":"post_tag","embeddable":true,"href":"https:\/\/blogs.ideal.es\/jaeneconomia\/wp-json\/wp\/v2\/tags?post=458"}],"curies":[{"name":"wp","href":"https:\/\/api.w.org\/{rel}","templated":true}]}}