{"id":491,"date":"2012-10-27T16:18:46","date_gmt":"2012-10-27T15:18:46","guid":{"rendered":"http:\/\/blogs.ideal.es\/jaeneconomia\/?p=491"},"modified":"2012-10-27T16:18:46","modified_gmt":"2012-10-27T15:18:46","slug":"jaen-fabrica-de-parados","status":"publish","type":"post","link":"https:\/\/blogs.ideal.es\/jaeneconomia\/2012\/10\/27\/jaen-fabrica-de-parados\/","title":{"rendered":"Ja\u00e9n, f\u00e1brica de parados"},"content":{"rendered":"<p>S\u00ed, es cierto. La realidad supera en muchas ocasiones a la ficci\u00f3n. No hace falta m\u00e1s que enchufar la televisi\u00f3n y ver el telediario. \u00bfY qu\u00e9 dec\u00edan los noticieros ayer? Pues el de la tres de Antena 3, por ejemplo, sacaba un mapita de Espa\u00f1a con tres provincias destacadas en color rojo chill\u00f3n. Una era la ciudad aut\u00f3noma de Ceuta, otra Ja\u00e9n y la otra Almer\u00eda. Son las tres campeonas absolutas del desempleo en la piel de toro: Ceuta, con una tasa del 41,03 por ciento; Ja\u00e9n, con un 39,13 por ciento; y Almer\u00eda, con un 38,44 por ciento. Nuevamente la realidad, en efecto, superaba con creces a la ficci\u00f3n. Faltan adjetivos para calificar los datos de la Encuesta de Poblaci\u00f3n Activa (EPA) del tercer trimestre. Las matem\u00e1ticas hablan por s\u00ed solas. <strong>La cifra de personas sin trabajo se han incrementado en 85.000 en Espa\u00f1a. De todas ellas Ja\u00e9n aporta la friolera de 8.000<\/strong>. Cerca del 10 por ciento. Una aut\u00e9ntica sangr\u00eda que est\u00e1 hundiendo, a su vez, la endeble econom\u00eda de Ja\u00e9n. Ya se escucha alguna voz que apunta a la necesidad de olvidarse de enfrentamientos partidistas y que los gobiernos central y auton\u00f3mico consideren la realidad de Ja\u00e9n y arbitren pol\u00edticas de discriminaci\u00f3n positiva para frenar esta aut\u00e9ntica escabechina.<\/p>\n<p>Y es que el deterioro de la coyuntura parece no tener fin. Exactamente la misma percepci\u00f3n que hab\u00eda un a\u00f1o atr\u00e1s. <strong>Hace un a\u00f1o nadie pensaba que se llegar\u00eda a los 100.000 desocupados. Se lleg\u00f3. Y tambi\u00e9n hace un a\u00f1o nadie cre\u00eda que se barajar\u00eda de 200.000 ocupados. Se baj\u00f3<\/strong>. \u00bfA d\u00f3nde estamos en estos momentos? Pues en 115.200 paisanos sin trabajo y en 179.200 trabajando, seg\u00fan las magnitudes de la EPA conocidas este viernes. La realidad supera otra vez a la ficci\u00f3n. Y lo m\u00e1s preocupante est\u00e1 por venir. Visto lo visto, no resulta descabellado pensar que, si no se adoptan medidas contundentes a corto y medio plazo \u2013el presidente de Diputaci\u00f3n ha pedido una reuni\u00f3n de urgencia con la ministra F\u00e1tima B\u00e1\u00f1ez\u2013, se pudiera equiparar en 2014 el n\u00famero de jienenses que est\u00e1n con empleo y sin empleo \u2013sin contar, l\u00f3gicamente, a los inactivos\u2013. A tenor de lo apuntado anteriormente y con la constataci\u00f3n de que los escenarios m\u00e1s pesimistas casi siempre se superan, igual no es ninguna exageraci\u00f3n. En principio las expectativas del Gobierno son que en el segundo semestre de 2013 haya un cambio de tendencia, una percepci\u00f3n en l\u00ednea con las manifestaciones formuladas por el ministro Montoro en el debate de presupuestos celebrado esta semana. El ejercicio 2013 ser\u00e1 el \u00faltimo de recesi\u00f3n, dijo.<\/p>\n<p>Hay muchas razones para pensar que el panorama se puede complicar \u2013y mucho\u2013 de aqu\u00ed al verano de 2013, cuando el Ave F\u00e9nix, cuyas alas son parad\u00f3jicamente del mismo color que la bandera espa\u00f1ola, comience a remontar el vuelo. Uno de estos motivos es estructural. <strong>Los ritmos de crecimiento nacionales nunca fueron los provinciales<\/strong>. Suced\u00eda en la \u00e9poca buena \u2013incluso si comparamos con el resto de la comunidad andaluza\u2013 y tambi\u00e9n ha venido ocurriendo durante este lustro ominoso. Pero cuando el problema se puede hacer m\u00e1s patente es en los pr\u00f3ximos meses. El porqu\u00e9 lo anticip\u00f3 el consejero de Agricultura, Luis Planas, en su visita a Ja\u00e9n del pasado lunes para presentar las estimaciones para la pr\u00f3xima cosecha. El agotamiento de los olivos, despu\u00e9s de tres a\u00f1os de campa\u00f1as r\u00e9cord, la sequ\u00eda del \u00faltimo invierno y una floraci\u00f3n d\u00e9bil reducir\u00e1n la producci\u00f3n de aceite de oliva un 75 por ciento. Hay un 75 por ciento menos de fruto en los \u00e1rboles, lo que tendr\u00e1 una incidencia nefasta sobre la demanda de mano de obra, que menguar\u00e1 en unos 4,2 millones de jornales. \u00c9ste es el quid de la cuesti\u00f3n.<\/p>\n<p>Posiblemente la EPA que se conocer\u00e1 en enero, correspondiente al periodo octubre, noviembre y diciembre, ser\u00e1 la peor que se recuerda. La nivelaci\u00f3n estad\u00edstica no se producir\u00e1 y entonces ya s\u00ed nos encontremos muy cerca de una situaci\u00f3n de verdadera emergencia social, aunque muchos defienden que ya nos hallamos en este estadio. Aqu\u00ed es donde entra en liza el factor \u2018econom\u00eda sumergida\u2019. <strong>Un reciente estudio realizado por profesores de la Universidad de Ja\u00e9n revelaba que el 25 por ciento del dinero que se mueve en Ja\u00e9n escapa al control del fisco y la Seguridad Social<\/strong>. Esto explicar\u00eda que con un 39 por ciento de parados, de los cuales uno de cada tres lleva m\u00e1s de un a\u00f1o fuera del mercado laboral, no haya una conflictividad mucho mayor.<\/p>\n","protected":false},"excerpt":{"rendered":"<p>S\u00ed, es cierto. La realidad supera en muchas ocasiones a la ficci\u00f3n. No hace falta m\u00e1s que enchufar la televisi\u00f3n y ver el telediario. \u00bfY qu\u00e9 dec\u00edan los noticieros ayer? Pues el de la tres de Antena 3, por ejemplo, sacaba un mapita de Espa\u00f1a con tres provincias destacadas en color rojo chill\u00f3n. Una era [&hellip;]<\/p>\n","protected":false},"author":2,"featured_media":0,"comment_status":"open","ping_status":"closed","sticky":false,"template":"","format":"standard","meta":[],"categories":[2],"tags":[],"_links":{"self":[{"href":"https:\/\/blogs.ideal.es\/jaeneconomia\/wp-json\/wp\/v2\/posts\/491"}],"collection":[{"href":"https:\/\/blogs.ideal.es\/jaeneconomia\/wp-json\/wp\/v2\/posts"}],"about":[{"href":"https:\/\/blogs.ideal.es\/jaeneconomia\/wp-json\/wp\/v2\/types\/post"}],"author":[{"embeddable":true,"href":"https:\/\/blogs.ideal.es\/jaeneconomia\/wp-json\/wp\/v2\/users\/2"}],"replies":[{"embeddable":true,"href":"https:\/\/blogs.ideal.es\/jaeneconomia\/wp-json\/wp\/v2\/comments?post=491"}],"version-history":[{"count":0,"href":"https:\/\/blogs.ideal.es\/jaeneconomia\/wp-json\/wp\/v2\/posts\/491\/revisions"}],"wp:attachment":[{"href":"https:\/\/blogs.ideal.es\/jaeneconomia\/wp-json\/wp\/v2\/media?parent=491"}],"wp:term":[{"taxonomy":"category","embeddable":true,"href":"https:\/\/blogs.ideal.es\/jaeneconomia\/wp-json\/wp\/v2\/categories?post=491"},{"taxonomy":"post_tag","embeddable":true,"href":"https:\/\/blogs.ideal.es\/jaeneconomia\/wp-json\/wp\/v2\/tags?post=491"}],"curies":[{"name":"wp","href":"https:\/\/api.w.org\/{rel}","templated":true}]}}