{"id":497,"date":"2012-11-13T17:15:39","date_gmt":"2012-11-13T16:15:39","guid":{"rendered":"http:\/\/blogs.ideal.es\/jaeneconomia\/?p=497"},"modified":"2012-11-13T17:15:39","modified_gmt":"2012-11-13T16:15:39","slug":"y-ocho-meses-despues-el-14n","status":"publish","type":"post","link":"https:\/\/blogs.ideal.es\/jaeneconomia\/2012\/11\/13\/y-ocho-meses-despues-el-14n\/","title":{"rendered":"Y ocho meses despu\u00e9s&#8230; el 14N"},"content":{"rendered":"<p>Ya \u2018huele\u2019 a huelga. Ma\u00f1ana es 14 de noviembre, d\u00eda elegido por los sindicatos para el segundo paro general de la \u2018era Rajoy\u2019, ocho meses despu\u00e9s del primero, o el tercero de la \u2018era recortes\u2019. Una jornada distinta porque se supone que la vida debe funcionar a medio gas y porque m\u00e1s all\u00e1 de las grandes cifras, lo que se est\u00e1 apelando es a la conciencia individual y colectiva para lograr la mayor efectividad de la protesta con m\u00e1s repercusi\u00f3n que se puede organizar en un pa\u00eds. <strong>El \u00e9xito o el fracaso depender\u00e1 de lo que decidan muchos o pocos como usted<\/strong>. \u00bfY qu\u00e9 factores se ponderan en este tipo de pleitos? Pues el primero y principal ya se ha apuntado unas l\u00edneas m\u00e1s arriba. Si se est\u00e1 de acuerdo o en desacuerdo con los motivos expuestos por las organizaciones sindicales. Los recortes, que afectan a todos los colectivos, nos llevan a la destrucci\u00f3n. As\u00ed lo afirmaron hace una semana en la capital los secretarios regionales de UGT y CC OO, Manuel Pastrana y Francisco Carbonero. Pero tambi\u00e9n hay otras razones \u2018menos prosaicas\u2019 \u2013valga la expresi\u00f3n\u2013. No acudir al trabajo tiene incidencia en el bolsillo del huelguista y tambi\u00e9n en el conjunto de la econom\u00eda. Vayamos con ambas.<\/p>\n<p>Si nos ce\u00f1imos al salario medio de los jienenses, 13.237 euros brutos anuales seg\u00fan los \u00faltimos datos publicados por la Agencia Tributaria, los trabajadores que opten por quedarse en casa tendr\u00e1n que \u2018pagar\u2019 en torno a los 40 euros. Y a las empresas \u00bfcu\u00e1nto les costar\u00eda en el supuesto de una paralizaci\u00f3n completa? <strong>Pues a esos 40 habr\u00eda que a\u00f1adirle seis ceros a la derecha, unos 40 millones de euros<\/strong>. Es el resultado, tambi\u00e9n aproximado, de dividir el Producto Interior Bruto (PIB) de Ja\u00e9n por el calendario de laborables de un a\u00f1o. No dejan de ser promedios basados en la hip\u00f3tesis de un cerrojazo absoluto, pero sirven para hacernos una idea de la trascendencia de lo que suceder\u00e1 este mi\u00e9rcoles.<\/p>\n<p>Mientras tanto, y a horas vista de que el 14-N sea algo m\u00e1s que una fecha en rojo en el calendario, la maquinaria de UGT y CC OO funciona a pleno rendimiento. Ayer mismo hubo a las 12,00 horas una reuni\u00f3n del comit\u00e9 de enlace para atar cabos y ultimar todo el dispositivo de informaci\u00f3n. <strong>Se estima que habr\u00e1 unos 800 piqueteros<\/strong>, la misma cantidad que el pasado 29 de marzo, de los que 400 corresponder\u00e1n a UGT y otros 400 a CC OO. Si se mantiene el mismo esquema del 29-M \u2013fuentes sindicales han apuntado que no habr\u00e1 grandes variaciones\u2013, unos 500 permanecer\u00e1n en Ja\u00e9n, mientras que los 300 restantes se mover\u00e1n por las localidades m\u00e1s pobladas y donde mejor se visualizar\u00e1 si el 14-N ha contado con el respaldo de los ciudadanos. Conviene recordar que UGT y CC OO han insistido en que esta movilizaci\u00f3n trasciende el \u00e1mbito del empleo ya que las medidas de ajuste afectan no s\u00f3lo ocupados y desocupados, sino a estudiantes, pensionistas y a toda la poblaci\u00f3n en general.<\/p>\n<p>Si se repiten los planteamientos del 29-M, el primer punto caliente ser\u00e1 el acceso de la f\u00e1brica de Galletas Cu\u00e9tara \u2013ahora propiedad del Grupo Siro\u2013 en la carretera de Madrid.<strong> Hay un turno que se incorpora a las diez de la noche<\/strong>. Habr\u00e1 piquetes en la puerta y seguro que tambi\u00e9n bastante polic\u00eda. Tambi\u00e9n habr\u00e1 que estar muy atentos a las concesionarias de servicios p\u00fablicos. Fundamentalmente a la planta de Resur (basura), en la carretera de Fuerte del Rey, y a las cocheras de autobuses Castillo, tambi\u00e9n en la carretera de Madrid. Mercaja\u00e9n, donde se abastece de alimentos frescos a las tiendas de comestibles de Ja\u00e9n, y el centro log\u00edstico de Correos, ambos en el pol\u00edgono de los Olivares, son puntos donde en otras ocasiones ha habido \u2018meneo\u2019. Si los contenedores est\u00e1n llenos, si los autobuses no llegan, si en los supermercados faltan productos&#8230; habr\u00e1 mayor percepci\u00f3n de huelga. El pol\u00edgono de los Olivares, el mayor recinto industrial y de servicios de Ja\u00e9n, es clave, aunque bloquearlo es mucho m\u00e1s complicado desde la construcci\u00f3n de los viales que conectan con Expansi\u00f3n Norte \u2013antes bastaba con el corte de un puente\u2013. Tambi\u00e9n habr\u00e1 que estar muy atentos a la apertura de grandes y peque\u00f1os establecimientos \u2013todos los cerrajeros est\u00e1n en alerta\u2013 y a los organismos oficiales.<\/p>\n","protected":false},"excerpt":{"rendered":"<p>Ya \u2018huele\u2019 a huelga. Ma\u00f1ana es 14 de noviembre, d\u00eda elegido por los sindicatos para el segundo paro general de la \u2018era Rajoy\u2019, ocho meses despu\u00e9s del primero, o el tercero de la \u2018era recortes\u2019. Una jornada distinta porque se supone que la vida debe funcionar a medio gas y porque m\u00e1s all\u00e1 de las [&hellip;]<\/p>\n","protected":false},"author":2,"featured_media":0,"comment_status":"open","ping_status":"closed","sticky":false,"template":"","format":"standard","meta":[],"categories":[2],"tags":[],"_links":{"self":[{"href":"https:\/\/blogs.ideal.es\/jaeneconomia\/wp-json\/wp\/v2\/posts\/497"}],"collection":[{"href":"https:\/\/blogs.ideal.es\/jaeneconomia\/wp-json\/wp\/v2\/posts"}],"about":[{"href":"https:\/\/blogs.ideal.es\/jaeneconomia\/wp-json\/wp\/v2\/types\/post"}],"author":[{"embeddable":true,"href":"https:\/\/blogs.ideal.es\/jaeneconomia\/wp-json\/wp\/v2\/users\/2"}],"replies":[{"embeddable":true,"href":"https:\/\/blogs.ideal.es\/jaeneconomia\/wp-json\/wp\/v2\/comments?post=497"}],"version-history":[{"count":0,"href":"https:\/\/blogs.ideal.es\/jaeneconomia\/wp-json\/wp\/v2\/posts\/497\/revisions"}],"wp:attachment":[{"href":"https:\/\/blogs.ideal.es\/jaeneconomia\/wp-json\/wp\/v2\/media?parent=497"}],"wp:term":[{"taxonomy":"category","embeddable":true,"href":"https:\/\/blogs.ideal.es\/jaeneconomia\/wp-json\/wp\/v2\/categories?post=497"},{"taxonomy":"post_tag","embeddable":true,"href":"https:\/\/blogs.ideal.es\/jaeneconomia\/wp-json\/wp\/v2\/tags?post=497"}],"curies":[{"name":"wp","href":"https:\/\/api.w.org\/{rel}","templated":true}]}}