{"id":498,"date":"2012-11-23T17:28:34","date_gmt":"2012-11-23T16:28:34","guid":{"rendered":"http:\/\/blogs.ideal.es\/jaeneconomia\/?p=498"},"modified":"2012-11-23T17:28:34","modified_gmt":"2012-11-23T16:28:34","slug":"el-partido-se-juega-en-bruselas","status":"publish","type":"post","link":"https:\/\/blogs.ideal.es\/jaeneconomia\/2012\/11\/23\/el-partido-se-juega-en-bruselas\/","title":{"rendered":"El partido se juega en Bruselas"},"content":{"rendered":"<p>Martos, Villacarrillo, Jamilena, Villanueva de la Reina, Pegalajar&#8230; y Bruselas. As\u00ed es. La capital de B\u00e9lgica, con su Atomium y su Gran Place, tambi\u00e9n son Ja\u00e9n. All\u00ed lleva muchos a\u00f1os decidi\u00e9ndose el futuro de la provincia y de sus 650.00 habitantes. <strong>Es el costoso peaje que debe pagar una econom\u00eda subvencionada y subsidiada. Que los partidos se juegan siempre fuera de casa<\/strong>. Y lo que se disputa desde ayer es una aut\u00e9ntica final para Ja\u00e9n. Los veintisiete l\u00edderes europeos intentan ponerse de acuerdo en cu\u00e1l debe ser el marco presupuestario en la Uni\u00f3n Europea para el periodo 2014-2020. Seis a\u00f1os decisivos porque ese viejo gale\u00f3n llamado Europa debe \u2013y tiene\u2013 que mudar la piel para convertirse en un buque robusto y bien armado que deje atr\u00e1s los revueltos mares de la crisis y afronte el futuro con af\u00e1n de liderazgo. Un objetivo que s\u00f3lo se consigue poniendo dinero encima de la mesa y acertando en c\u00f3mo y para qu\u00e9 gastarlo. Y ah\u00ed es donde aparece Ja\u00e9n, \u2018el grumete\u2019. De ese presupuesto dependen dos cosas muy importantes. Las subvenciones a la agricultura, con incidencia directa en unas 110.000 familias olivareras \u2013casi la mitad de los hogares que hay en Ja\u00e9n\u2013. Y los fondos de cohesi\u00f3n, fundamentales para que zonas como Ja\u00e9n se equiparen en desarrollo con los territorios m\u00e1s pr\u00f3speros.<\/p>\n<p>Conviene detenerse en los dos aspectos anteriores porque nos jugamos mucho y porque se trata, precisamente, de dos partidas sobre las que se especula que puede haber recortes. Con todas las consecuencias negativas que ello conllevar\u00eda. Esta semana ya han empezado a sonar tambores de guerra en el campo. Este jueves ya hubo concentraci\u00f3n de agricultores y ganaderos vinculados a la UPA en la puerta de la Delegaci\u00f3n del Gobierno central en Sevilla. Y el martes la COAG llam\u00f3 a una movilizaci\u00f3n generalizada de la sociedad porque las propuestas que se est\u00e1n barajando en Bruselas \u2013no pod\u00eda ser en otro sitio\u2013 son un palo en toda regla. <strong>Ja\u00e9n percibe anualmente, con independencia de la cantidad de aceite que se produzca, unos 370 millones de euros en subvenciones para el sector olivarero en el r\u00e9gimen de Pago \u00danico<\/strong>. Ahora se pretende implantar el caf\u00e9 para todos. Un incentivo lineal de un m\u00e1ximo de 160 euros por hect\u00e1rea, una cifra que sale de un pago b\u00e1sico de 100 euros m\u00e1s un plus medioambiental de otros 60. Ahora mismo llegan entre 600 y 700 euros por hect\u00e1rea. Hagan cuentas y se dar\u00e1n cuenta ustedes mismos de que estamos hablando de un quebranto may\u00fasculo. \u00c9ste es el resultado de las negociaciones sobre la reforma de la PAC en estos instantes, un documento que podr\u00eda ser todav\u00eda m\u00e1s lesivo si se imponen las tesis de los pa\u00edses que abogan por que la tijera se meta en la agricultura. Frente a ellos, el bloque mediterr\u00e1neo abanderado por Francia y Espa\u00f1a, ambos con un sector primario que pesa mucho en sus grandes cuentas. Primer bocado.<\/p>\n<p>Pero hay un segundo frente de batalla. Tambi\u00e9n hay posiciones a favor de que se reduzcan los recursos que la UE libera cada a\u00f1o para propiciar los equilibrios territoriales. <strong>Ja\u00e9n habr\u00e1 recibido entre 2007 y 2013 unos 280 millones de euros (40 al a\u00f1o)<\/strong>, un montante que se est\u00e1 empleando en construcci\u00f3n de carreteras y mejora de regad\u00edos, en todo tipo de programas sociales y educativos y en el apoyo a emprendedores en el \u00e1mbito rural, aunque la parte del le\u00f3n se destina a la ejecuci\u00f3n de infraestructuras municipales con las iniciativas Leader, Proder, Feoga Orientaci\u00f3n y Fondo Social Europeo.<\/p>\n<p>A este hecho habr\u00eda que a\u00f1adir otro no menos importante. Se supone que Andaluc\u00eda ya ha progresado lo suficiente y ya no tendr\u00e1 la consideraci\u00f3n de Regi\u00f3n Objetivo 1. El nivel de renta de los andaluces ya est\u00e1 a menos de 25 puntos de la media comunitaria. <strong>\u00bfQu\u00e9 pasa? Pues que Andaluc\u00eda es muy grande y no est\u00e1 tan claro que en Ja\u00e9n sea as\u00ed<\/strong>. Las \u00faltimas estad\u00edsticas disponibles, que datan de hace unos a\u00f1os, la situaban a m\u00e1s de 29 puntos. El empobrecimiento de la poblaci\u00f3n \u2013Ja\u00e9n tiene un desempleo cercano al 40 por ciento\u2013 es una se\u00f1al de que, quiz\u00e1, no se haya avanzado mucho en la direcci\u00f3n correcta.<\/p>\n","protected":false},"excerpt":{"rendered":"<p>Martos, Villacarrillo, Jamilena, Villanueva de la Reina, Pegalajar&#8230; y Bruselas. As\u00ed es. La capital de B\u00e9lgica, con su Atomium y su Gran Place, tambi\u00e9n son Ja\u00e9n. All\u00ed lleva muchos a\u00f1os decidi\u00e9ndose el futuro de la provincia y de sus 650.00 habitantes. Es el costoso peaje que debe pagar una econom\u00eda subvencionada y subsidiada. Que los [&hellip;]<\/p>\n","protected":false},"author":2,"featured_media":0,"comment_status":"open","ping_status":"closed","sticky":false,"template":"","format":"standard","meta":[],"categories":[2],"tags":[],"_links":{"self":[{"href":"https:\/\/blogs.ideal.es\/jaeneconomia\/wp-json\/wp\/v2\/posts\/498"}],"collection":[{"href":"https:\/\/blogs.ideal.es\/jaeneconomia\/wp-json\/wp\/v2\/posts"}],"about":[{"href":"https:\/\/blogs.ideal.es\/jaeneconomia\/wp-json\/wp\/v2\/types\/post"}],"author":[{"embeddable":true,"href":"https:\/\/blogs.ideal.es\/jaeneconomia\/wp-json\/wp\/v2\/users\/2"}],"replies":[{"embeddable":true,"href":"https:\/\/blogs.ideal.es\/jaeneconomia\/wp-json\/wp\/v2\/comments?post=498"}],"version-history":[{"count":0,"href":"https:\/\/blogs.ideal.es\/jaeneconomia\/wp-json\/wp\/v2\/posts\/498\/revisions"}],"wp:attachment":[{"href":"https:\/\/blogs.ideal.es\/jaeneconomia\/wp-json\/wp\/v2\/media?parent=498"}],"wp:term":[{"taxonomy":"category","embeddable":true,"href":"https:\/\/blogs.ideal.es\/jaeneconomia\/wp-json\/wp\/v2\/categories?post=498"},{"taxonomy":"post_tag","embeddable":true,"href":"https:\/\/blogs.ideal.es\/jaeneconomia\/wp-json\/wp\/v2\/tags?post=498"}],"curies":[{"name":"wp","href":"https:\/\/api.w.org\/{rel}","templated":true}]}}