{"id":101,"date":"2006-05-18T14:26:41","date_gmt":"2006-05-18T14:26:41","guid":{"rendered":"http:\/\/blogs.ideal.es\/rumores\/?p=101"},"modified":"2006-05-18T14:26:41","modified_gmt":"2006-05-18T14:26:41","slug":"y-vas-tren","status":"publish","type":"post","link":"https:\/\/blogs.ideal.es\/rumores\/2006\/05\/18\/y-vas-tren\/","title":{"rendered":"Y vas en tren"},"content":{"rendered":"<p>Este cal\u00f3 con tilde en la &#8216;o&#8217; me ha cogido con los pantalones bajados -cosa que no suelo hacer sin mirar por el espejo retrovisor-, sin el ventilador que me regal\u00f3 Victoria Fern\u00e1ndez, que es como si aquel d\u00eda me hubiera obsequiado con un diamante, que aunque no me sac\u00f3 de pobre me alivi\u00f3 los sofocos. Somos incapaces de interpretar las noticias que nos vienen en cascada. Que Granada celebre a mamporrazos la victoria del Barcelona es un derroche de catetismo. Ya no s\u00f3lo vamos a tener que acondicionar el &#8216;corr\u00e1&#8217; del Rasillo para los botellones juveniles, tambi\u00e9n para que se celebren las victorias futbol\u00edsticas de &#8216;pan y circo&#8217;. Yo pido una ley &#8216;antiforofos&#8217;, que no permita festejar triunfos balomp\u00e9dicos en la v\u00eda p\u00fablica salvo excepciones puntuales, como puede ser el caso del Granada -cualquiera de ellos- y el Betis. Tampoco entiendo en qu\u00e9 se diferencia un &#8216;botell\u00f3dromo&#8217; -como se supone que quiere Torres Hurtado- de un &#8216;lugar adecuado&#8217; para el consumo de alcohol -como dice la Junta-, ser\u00e1 porque para m\u00ed cualquier espacio es id\u00f3neo para empinar el codo con moderaci\u00f3n, por eso no cuentan conmigo para ning\u00fan foro o seminario. Y sobre todo no entendemos cu\u00e1nto se va a tardar en llegar a Madrid en 2007 cuando est\u00e9 listo el Talgo y el intercambiador de Bobadilla, que es el aparato que han colocado en la provincia de M\u00e1laga para que redima los trenes tercermundistas que llegan de Granada  y los intercambie con los modernos rel\u00e1mpagos de la provincia vecina -ya estamos intoxicando con el agravio comparativo, pues que se fastidien-. No sabemos si el tren va a tardar tres hora y media &#8220;aproximadamente&#8221;, como dice el PSOE; cuatro horas y media, como dijo ayer un alto cargo de Renfe en el Senado; si la diferencia espacial de &#8216;aproximadamente&#8217; son sesenta minutos; o si sencillamente nos est\u00e1n tomando el pelo. <\/p>\n<!-- AddThis Advanced Settings generic via filter on the_content --><!-- AddThis Share Buttons generic via filter on the_content -->","protected":false},"excerpt":{"rendered":"<p>Este cal\u00f3 con tilde en la &#8216;o&#8217; me ha cogido con los pantalones bajados -cosa que no suelo hacer sin mirar por el espejo retrovisor-, sin el ventilador que me regal\u00f3 Victoria Fern\u00e1ndez, que es como si aquel d\u00eda me hubiera obsequiado con un diamante, que aunque no me sac\u00f3 de pobre me alivi\u00f3 los [&hellip;]<!-- AddThis Advanced Settings generic via filter on get_the_excerpt --><!-- AddThis Share Buttons generic via filter on get_the_excerpt --><\/p>\n","protected":false},"author":3,"featured_media":0,"comment_status":"open","ping_status":"closed","sticky":false,"template":"","format":"standard","meta":[],"categories":[2],"tags":[],"_links":{"self":[{"href":"https:\/\/blogs.ideal.es\/rumores\/wp-json\/wp\/v2\/posts\/101"}],"collection":[{"href":"https:\/\/blogs.ideal.es\/rumores\/wp-json\/wp\/v2\/posts"}],"about":[{"href":"https:\/\/blogs.ideal.es\/rumores\/wp-json\/wp\/v2\/types\/post"}],"author":[{"embeddable":true,"href":"https:\/\/blogs.ideal.es\/rumores\/wp-json\/wp\/v2\/users\/3"}],"replies":[{"embeddable":true,"href":"https:\/\/blogs.ideal.es\/rumores\/wp-json\/wp\/v2\/comments?post=101"}],"version-history":[{"count":0,"href":"https:\/\/blogs.ideal.es\/rumores\/wp-json\/wp\/v2\/posts\/101\/revisions"}],"wp:attachment":[{"href":"https:\/\/blogs.ideal.es\/rumores\/wp-json\/wp\/v2\/media?parent=101"}],"wp:term":[{"taxonomy":"category","embeddable":true,"href":"https:\/\/blogs.ideal.es\/rumores\/wp-json\/wp\/v2\/categories?post=101"},{"taxonomy":"post_tag","embeddable":true,"href":"https:\/\/blogs.ideal.es\/rumores\/wp-json\/wp\/v2\/tags?post=101"}],"curies":[{"name":"wp","href":"https:\/\/api.w.org\/{rel}","templated":true}]}}