{"id":124,"date":"2006-07-10T12:10:50","date_gmt":"2006-07-10T12:10:50","guid":{"rendered":"http:\/\/blogs.ideal.es\/rumores\/?p=124"},"modified":"2006-07-10T12:10:50","modified_gmt":"2006-07-10T12:10:50","slug":"almanjayar","status":"publish","type":"post","link":"https:\/\/blogs.ideal.es\/rumores\/2006\/07\/10\/almanjayar\/","title":{"rendered":"Almanj\u00e1yar"},"content":{"rendered":"<p><P>Ha llegado el momento de llamar a las cosas por su nombre, porque distinto es la solidaridad de hacer el capullo. Que uno ya est\u00e1 harto de ser caritativo con gente que, a la postre, termina viviendo mejor que yo. Lo siento, pero le he dado vacaciones a mi buen samaritano porque ultimamente estaba insoportable. <\/P><P>La Junta anunci\u00f3 una rehabilitaci\u00f3n integral de Almanj\u00e1yar, donde miles de personas viven en pisos que son propiedad del gobierno andaluz y que est\u00e1n hechos una pocilga. El plan consiste en hacer viviendas nuevas y que las familias sigan viviendo donde siempre por un alquiler simb\u00f3lico. No estoy en contra de una reforma solidaria e incluso paternalista de la zona Norte para acabar con el gueto, aunque a m\u00ed la Administraci\u00f3n no me ayude a pagar la hipoteca. <\/P><P>Hay clases sociales m\u00e1s desfavorecidas, a las que la vida les ha dado menos oportunidades. Y no me refiero a la situaci\u00f3n econ\u00f3mica, que aqu\u00ed est\u00e1n peor los j\u00f3venes reci\u00e9n licenciados que nunca han roto un plato; pero a menudo se puede caer en la marginalidad con los bolsillos repletos.<\/P><P>Pero me cuentan que, a ra\u00edz de conocerse el plan de la Junta, muchos han llegado pegando una patada en la puerta, ocupando casas que hab\u00edan abandonado o echando a sus inquilinos, con la pretensi\u00f3n de optar a uno de esos pisitos de ga\u00f1ote. &nbsp;<\/P><P>Lo m\u00e1s deleznable es que se formen grupos espoleados por cabecillas con afinidades pol\u00edticas demasiado claras y marchen en se\u00f1al de protesta ante la sede de la Junta a pedir una vivienda digna. Precisamente ahora, qu\u00e9 casualidad. Y entonces salga este se\u00f1or, el mismo que alborot\u00f3 un pleno municipal que tuvo que desalojar la Polic\u00eda, y reclame pisos nuevos para los pobres gitanicos; que usado as\u00ed es el racismo a la inversa, echar mano de la supuesta discriminaci\u00f3n para salir ganando. Y anuncia una huelga de hambre en solidaridad con los m\u00e1s desfavorecidos, porque ellos tienen derecho a una casa que no huela a estercolero, donde las ratas no te digan buenos d\u00edas al salir de la ducha. Pisos gratis en Almanj\u00e1yar, a 500 metros de donde se venden lujosas promociones a 180.000 pesetas el metro cuadrado. Pobrecicos. Uno no sabe muy bien si est\u00e1 siendo solidario o si en realidad esrt\u00e1 haciendo el capullo. <\/P><\/p>\n<!-- AddThis Advanced Settings generic via filter on the_content --><!-- AddThis Share Buttons generic via filter on the_content -->","protected":false},"excerpt":{"rendered":"<p>Ha llegado el momento de llamar a las cosas por su nombre, porque distinto es la solidaridad de hacer el capullo. Que uno ya est\u00e1 harto de ser caritativo con gente que, a la postre, termina viviendo mejor que yo. Lo siento, pero le he dado vacaciones a mi buen samaritano porque ultimamente estaba insoportable. [&hellip;]<!-- AddThis Advanced Settings generic via filter on get_the_excerpt --><!-- AddThis Share Buttons generic via filter on get_the_excerpt --><\/p>\n","protected":false},"author":3,"featured_media":0,"comment_status":"open","ping_status":"closed","sticky":false,"template":"","format":"standard","meta":[],"categories":[2],"tags":[],"_links":{"self":[{"href":"https:\/\/blogs.ideal.es\/rumores\/wp-json\/wp\/v2\/posts\/124"}],"collection":[{"href":"https:\/\/blogs.ideal.es\/rumores\/wp-json\/wp\/v2\/posts"}],"about":[{"href":"https:\/\/blogs.ideal.es\/rumores\/wp-json\/wp\/v2\/types\/post"}],"author":[{"embeddable":true,"href":"https:\/\/blogs.ideal.es\/rumores\/wp-json\/wp\/v2\/users\/3"}],"replies":[{"embeddable":true,"href":"https:\/\/blogs.ideal.es\/rumores\/wp-json\/wp\/v2\/comments?post=124"}],"version-history":[{"count":0,"href":"https:\/\/blogs.ideal.es\/rumores\/wp-json\/wp\/v2\/posts\/124\/revisions"}],"wp:attachment":[{"href":"https:\/\/blogs.ideal.es\/rumores\/wp-json\/wp\/v2\/media?parent=124"}],"wp:term":[{"taxonomy":"category","embeddable":true,"href":"https:\/\/blogs.ideal.es\/rumores\/wp-json\/wp\/v2\/categories?post=124"},{"taxonomy":"post_tag","embeddable":true,"href":"https:\/\/blogs.ideal.es\/rumores\/wp-json\/wp\/v2\/tags?post=124"}],"curies":[{"name":"wp","href":"https:\/\/api.w.org\/{rel}","templated":true}]}}