{"id":126,"date":"2006-07-14T14:21:13","date_gmt":"2006-07-14T14:21:13","guid":{"rendered":"http:\/\/blogs.ideal.es\/rumores\/?p=126"},"modified":"2006-07-14T14:21:13","modified_gmt":"2006-07-14T14:21:13","slug":"pollardear","status":"publish","type":"post","link":"https:\/\/blogs.ideal.es\/rumores\/2006\/07\/14\/pollardear\/","title":{"rendered":"Pollardear"},"content":{"rendered":"<p>A los pol\u00edticos les gusta confrontar -yo confronto, t\u00fa confrontas, nosotros confrontamos-, aunque me juego mi voto en blanco a que ninguno conoc\u00eda hace alg\u00fan tiempo la existencia de esta palabra, tediosa y fea; lo mismo que licitar, verbo que todos emplean con ligereza sin tener ni pu\u00f1etera idea de lo que significa, como si el vecino com\u00fan tuviera que manejar con soltura este palabrejo. Hagan la prueba. Vayan al supermercado y dir\u00edjanse a la dependienta de la charcuter\u00eda como lo har\u00eda un alto cargo: &#8220;Lic\u00edtame cuarto y mitad de mortadela con aceitunas que voy a poner en valor este pan campero&#8221;. Le llaman confrontar cuando, en realidad, se trata de pollardear, verbo castizo y a la altura de todos los mortales. -Yo pollardeo con la estaci\u00f3n del AVE, tu pollardeas con el metro, el pollardea con la muralla, todos pollardeamos-. Por eso propongo que los pol\u00edticos innoven un poco en sus estrategias conflictivas para que el personal no se aburra. Por ejemplo: el mi\u00e9rcoles, cuando se hicieron con Chaves esa foto semievang\u00e9lica del metro, la consejera de Obras P\u00fablicas tendr\u00eda que haberse vuelto sibilinamente hacia el alcalde, y sin que nadie se diera cuenta, haberle soplado al o\u00eddo &#8220;ya te puedes ir olvidando de la estaci\u00f3n intermodal, que no la vas a ver ni en pintura&#8221;. En ese momento, Pepe Torres se volver\u00eda a lo Zidan y le soltar\u00eda un cabezazo a la consejera de tomo y lomo. Chaves podr\u00eda comentar lo que le dijo El Perejil al compadre despu\u00e9s de chocarse fortuitamente en el bar: &#8220;Quillo, ten cuidao, que como me des otra vez con esa cabessa me van a tener que untar el Viva Por\u00fa en el pechito con una fregona&#8221;. <\/p>\n<!-- AddThis Advanced Settings generic via filter on the_content --><!-- AddThis Share Buttons generic via filter on the_content -->","protected":false},"excerpt":{"rendered":"<p>A los pol\u00edticos les gusta confrontar -yo confronto, t\u00fa confrontas, nosotros confrontamos-, aunque me juego mi voto en blanco a que ninguno conoc\u00eda hace alg\u00fan tiempo la existencia de esta palabra, tediosa y fea; lo mismo que licitar, verbo que todos emplean con ligereza sin tener ni pu\u00f1etera idea de lo que significa, como si [&hellip;]<!-- AddThis Advanced Settings generic via filter on get_the_excerpt --><!-- AddThis Share Buttons generic via filter on get_the_excerpt --><\/p>\n","protected":false},"author":3,"featured_media":0,"comment_status":"open","ping_status":"closed","sticky":false,"template":"","format":"standard","meta":[],"categories":[2],"tags":[],"_links":{"self":[{"href":"https:\/\/blogs.ideal.es\/rumores\/wp-json\/wp\/v2\/posts\/126"}],"collection":[{"href":"https:\/\/blogs.ideal.es\/rumores\/wp-json\/wp\/v2\/posts"}],"about":[{"href":"https:\/\/blogs.ideal.es\/rumores\/wp-json\/wp\/v2\/types\/post"}],"author":[{"embeddable":true,"href":"https:\/\/blogs.ideal.es\/rumores\/wp-json\/wp\/v2\/users\/3"}],"replies":[{"embeddable":true,"href":"https:\/\/blogs.ideal.es\/rumores\/wp-json\/wp\/v2\/comments?post=126"}],"version-history":[{"count":0,"href":"https:\/\/blogs.ideal.es\/rumores\/wp-json\/wp\/v2\/posts\/126\/revisions"}],"wp:attachment":[{"href":"https:\/\/blogs.ideal.es\/rumores\/wp-json\/wp\/v2\/media?parent=126"}],"wp:term":[{"taxonomy":"category","embeddable":true,"href":"https:\/\/blogs.ideal.es\/rumores\/wp-json\/wp\/v2\/categories?post=126"},{"taxonomy":"post_tag","embeddable":true,"href":"https:\/\/blogs.ideal.es\/rumores\/wp-json\/wp\/v2\/tags?post=126"}],"curies":[{"name":"wp","href":"https:\/\/api.w.org\/{rel}","templated":true}]}}