{"id":127,"date":"2006-07-18T20:23:20","date_gmt":"2006-07-18T20:23:20","guid":{"rendered":"http:\/\/blogs.ideal.es\/rumores\/?p=127"},"modified":"2006-07-18T20:23:20","modified_gmt":"2006-07-18T20:23:20","slug":"me-voy","status":"publish","type":"post","link":"https:\/\/blogs.ideal.es\/rumores\/2006\/07\/18\/me-voy\/","title":{"rendered":"Me voy"},"content":{"rendered":"<p><P>Ah\u00ed te dejo, Granada, con las pira\u00f1as de siempre, con los tormentos eternos; esperando el auto del fiscal sobre el Parque Nevada, la en\u00e9sima reuni\u00f3n para desviar el Beiro, un r\u00edo sempiterno en las trifulcas est\u00e9riles aunque est\u00e9 medio seco. Beiro de mis amores, que ni los patos te quieren, que te sucede lo mismo que le ocurri\u00f3 en su d\u00eda a Javier Arenas, que no sabes si desviarte hacia la derecha o hacia la izquierda, para ver pasar los trenes y acabar subiendote en el primero que cruce. <\/P><P>Ah\u00ed te quedas Granada, que me voy de vacaciones a un lugar donde no se escuchen las m\u00e1quinas de Nino y pueda dormir hasta las doce del mediod\u00eda, que es lo que a m\u00ed me gusta, tocarme la pirindola en el sof\u00e1 mientras de fondo se escuchan las sirenas del tour de Francia; que hay sirenas m\u00e1s po\u00e9ticas pero menos efectivas para practicar el noble ejercicio de la siesta. <\/P><P><IMG height=161 hspace=12 src=\"\/rumores\/files\/imagen1.jpg\" width=150 align=right vspace=12 border=3><\/P><P>&nbsp;<\/P><P>Ah\u00ed te quedas Granada, sin m\u00fasica y sin fiesta, que ya termin\u00f3 el festival, escuchando las mismas tonter\u00edas de siempre, que nunca te hartas. Esperando que los pol\u00edticos se pongan por fin de acuerdo para no perder el \u00faltimo tranv\u00eda.<\/P><\/p>\n<!-- AddThis Advanced Settings generic via filter on the_content --><!-- AddThis Share Buttons generic via filter on the_content -->","protected":false},"excerpt":{"rendered":"<p>Ah\u00ed te dejo, Granada, con las pira\u00f1as de siempre, con los tormentos eternos; esperando el auto del fiscal sobre el Parque Nevada, la en\u00e9sima reuni\u00f3n para desviar el Beiro, un r\u00edo sempiterno en las trifulcas est\u00e9riles aunque est\u00e9 medio seco. Beiro de mis amores, que ni los patos te quieren, que te sucede lo mismo [&hellip;]<!-- AddThis Advanced Settings generic via filter on get_the_excerpt --><!-- AddThis Share Buttons generic via filter on get_the_excerpt --><\/p>\n","protected":false},"author":3,"featured_media":0,"comment_status":"open","ping_status":"closed","sticky":false,"template":"","format":"standard","meta":[],"categories":[2],"tags":[],"_links":{"self":[{"href":"https:\/\/blogs.ideal.es\/rumores\/wp-json\/wp\/v2\/posts\/127"}],"collection":[{"href":"https:\/\/blogs.ideal.es\/rumores\/wp-json\/wp\/v2\/posts"}],"about":[{"href":"https:\/\/blogs.ideal.es\/rumores\/wp-json\/wp\/v2\/types\/post"}],"author":[{"embeddable":true,"href":"https:\/\/blogs.ideal.es\/rumores\/wp-json\/wp\/v2\/users\/3"}],"replies":[{"embeddable":true,"href":"https:\/\/blogs.ideal.es\/rumores\/wp-json\/wp\/v2\/comments?post=127"}],"version-history":[{"count":0,"href":"https:\/\/blogs.ideal.es\/rumores\/wp-json\/wp\/v2\/posts\/127\/revisions"}],"wp:attachment":[{"href":"https:\/\/blogs.ideal.es\/rumores\/wp-json\/wp\/v2\/media?parent=127"}],"wp:term":[{"taxonomy":"category","embeddable":true,"href":"https:\/\/blogs.ideal.es\/rumores\/wp-json\/wp\/v2\/categories?post=127"},{"taxonomy":"post_tag","embeddable":true,"href":"https:\/\/blogs.ideal.es\/rumores\/wp-json\/wp\/v2\/tags?post=127"}],"curies":[{"name":"wp","href":"https:\/\/api.w.org\/{rel}","templated":true}]}}