{"id":14,"date":"2005-12-22T17:57:17","date_gmt":"2005-12-22T17:57:17","guid":{"rendered":"http:\/\/blogs.ideal.es\/rumores\/?p=14"},"modified":"2005-12-22T17:57:17","modified_gmt":"2005-12-22T17:57:17","slug":"lo-hace-publicidad","status":"publish","type":"post","link":"https:\/\/blogs.ideal.es\/rumores\/2005\/12\/22\/lo-hace-publicidad\/","title":{"rendered":"Lo que hace la publicidad"},"content":{"rendered":"<p>Me lo ha contado un compa\u00f1ero, que como esta ma\u00f1ana no ha madrugado ha tenido tiempo y ganas de escuchar las emisoras de radio. Resulta que un partido pol\u00edtico ha colocado una cu\u00f1a rimbombante en una de estas cadenas, que no se caracteriza habitualmente por elogiar los m\u00e9ritos pol\u00edticos de sus dirigentes. Cuando redacta los titulares de sus ruedas de prensa tiene una habilidad sorprendente para darle una vuelta de 180 grados. Pero hoy la persona que dirige el programa se ha mostrado distinto; tanto, que hasta se ha atrevido a atacar airadamente a un alcalde de la provincia, como no, de signo distinto al partido que ha pagado la publicidad. Ha dado una de cal donde antes s\u00f3lo daba las de &#8216;arenas&#8217;. Ser o no ser: qu\u00e9 duda para el ejercicio del periodismo y los est\u00f3magos agradecidos. <\/p>\n<!-- AddThis Advanced Settings generic via filter on the_content --><!-- AddThis Share Buttons generic via filter on the_content -->","protected":false},"excerpt":{"rendered":"<p>Me lo ha contado un compa\u00f1ero, que como esta ma\u00f1ana no ha madrugado ha tenido tiempo y ganas de escuchar las emisoras de radio. Resulta que un partido pol\u00edtico ha colocado una cu\u00f1a rimbombante en una de estas cadenas, que no se caracteriza habitualmente por elogiar los m\u00e9ritos pol\u00edticos de sus dirigentes. Cuando redacta los [&hellip;]<!-- AddThis Advanced Settings generic via filter on get_the_excerpt --><!-- AddThis Share Buttons generic via filter on get_the_excerpt --><\/p>\n","protected":false},"author":3,"featured_media":0,"comment_status":"open","ping_status":"closed","sticky":false,"template":"","format":"standard","meta":[],"categories":[2],"tags":[],"_links":{"self":[{"href":"https:\/\/blogs.ideal.es\/rumores\/wp-json\/wp\/v2\/posts\/14"}],"collection":[{"href":"https:\/\/blogs.ideal.es\/rumores\/wp-json\/wp\/v2\/posts"}],"about":[{"href":"https:\/\/blogs.ideal.es\/rumores\/wp-json\/wp\/v2\/types\/post"}],"author":[{"embeddable":true,"href":"https:\/\/blogs.ideal.es\/rumores\/wp-json\/wp\/v2\/users\/3"}],"replies":[{"embeddable":true,"href":"https:\/\/blogs.ideal.es\/rumores\/wp-json\/wp\/v2\/comments?post=14"}],"version-history":[{"count":0,"href":"https:\/\/blogs.ideal.es\/rumores\/wp-json\/wp\/v2\/posts\/14\/revisions"}],"wp:attachment":[{"href":"https:\/\/blogs.ideal.es\/rumores\/wp-json\/wp\/v2\/media?parent=14"}],"wp:term":[{"taxonomy":"category","embeddable":true,"href":"https:\/\/blogs.ideal.es\/rumores\/wp-json\/wp\/v2\/categories?post=14"},{"taxonomy":"post_tag","embeddable":true,"href":"https:\/\/blogs.ideal.es\/rumores\/wp-json\/wp\/v2\/tags?post=14"}],"curies":[{"name":"wp","href":"https:\/\/api.w.org\/{rel}","templated":true}]}}