{"id":21,"date":"2006-01-12T18:09:01","date_gmt":"2006-01-12T18:09:01","guid":{"rendered":"http:\/\/blogs.ideal.es\/rumores\/?p=21"},"modified":"2006-01-12T18:09:01","modified_gmt":"2006-01-12T18:09:01","slug":"panico-viajar","status":"publish","type":"post","link":"https:\/\/blogs.ideal.es\/rumores\/2006\/01\/12\/panico-viajar\/","title":{"rendered":"P\u00e1nico a viajar"},"content":{"rendered":"<p>NO s\u00e9 si los pol\u00edticos abonan sus compras y pagan la gasolina con una de esas tarjetas que te regalan puntos para viajar. Yo llevo media vida apuntado a todas estas promociones y todav\u00eda no he conseguido salir de la provincia. Tanto af\u00e1n viajero supera mis entendederas  sobre la vida p\u00fablica, no muy extensas, dicho sea de paso.<br \/>\nNo me refiero en esta ocasi\u00f3n al viaje a Londres, del que en otra ocasi\u00f3n le contar\u00e9 algunas de las repercusiones internas. Por cierto, todav\u00eda estoy esperando la reacci\u00f3n socialista -la p\u00fablica- a semejante dispendio. No tardar\u00e1 mucho en llegar, porque de estos atolladeros s\u00f3lo te escapas si el resto del mundo se olvida y esto no va a suceder.<br \/>\nA lo que iba. Administraciones y alguna que otra empresa p\u00fablica est\u00e1n organizando una escapada a Tur\u00edn, donde se celebrar\u00e1n en febrero las Olimpiadas Blancas. La gran baza espa\u00f1ola en esta cita ser\u00e1 la granadina Mar\u00eda Jos\u00e9 Rienda, que el d\u00eda 24 participa en una de las pruebas m\u00e1s importantes y con opciones de medalla. Para medalla, la que le van a dar a ella como hija predilecta de la capital, un expediente que ya se ha iniciado.<br \/>\nEn el Ayuntamiento, el alcalde le anda dando muchas vueltas al asunto, porque no quiere que sirva de pol\u00e9mica. Otros me cuentan que la decisi\u00f3n la hab\u00edan tomado por \u00e9l desde el \u00e1rea de Deportes, pero Torres Hurtado prefiere ahorrar kil\u00f3metros y disgustos. Tanto creci\u00f3 el rumor que ya daban por hecho que desde el Patronato de Deportes andaban buscando veinte habitaciones. Pero la versi\u00f3n oficial que me cuentan es m\u00e1s comedida. El alcalde no aprobar\u00e1 el viaje hasta que no cuente con el visto bueno de los portavoces de la oposici\u00f3n. Si consigue montarlos en el avi\u00f3n les calla la boca, dicho sea a grandes rasgos. La pretensi\u00f3n es que se desplacen el alcalde, el concejal de Deportes y los tres portavoces. Nadie m\u00e1s. El problema viene cuando a esta lista se le suman los a\u00f1adidos.<br \/>\nPero no ser\u00e9 tan demagogo para centrar exclusivamente el foco en el Ayuntamiento. Tambi\u00e9n ten\u00edan pensado salir hacia Tur\u00edn expedicionarios de la Junta y de Cetursa, aunque finalmente han desistido porque les ped\u00edan precios desorbitados. Al final, parece que no va a ir nadie, que es tan inapropiado como que se vayan a mansalva. Los pol\u00edticos tendr\u00edan que aprender a medir el punto intermedio, que se puede asistir a viajes institucionales, en su justa medida, sin necesidad de que te acompa\u00f1e hasta el perrito y el canario. <\/p>\n<p>En otra ocasi\u00f3n volver\u00e9 sobre el viaje a Londres y la reacci\u00f3n de Garc\u00eda-Royo. <\/p>\n<!-- AddThis Advanced Settings generic via filter on the_content --><!-- AddThis Share Buttons generic via filter on the_content -->","protected":false},"excerpt":{"rendered":"<p>NO s\u00e9 si los pol\u00edticos abonan sus compras y pagan la gasolina con una de esas tarjetas que te regalan puntos para viajar. Yo llevo media vida apuntado a todas estas promociones y todav\u00eda no he conseguido salir de la provincia. Tanto af\u00e1n viajero supera mis entendederas sobre la vida p\u00fablica, no muy extensas, dicho [&hellip;]<!-- AddThis Advanced Settings generic via filter on get_the_excerpt --><!-- AddThis Share Buttons generic via filter on get_the_excerpt --><\/p>\n","protected":false},"author":3,"featured_media":0,"comment_status":"open","ping_status":"closed","sticky":false,"template":"","format":"standard","meta":[],"categories":[2],"tags":[],"_links":{"self":[{"href":"https:\/\/blogs.ideal.es\/rumores\/wp-json\/wp\/v2\/posts\/21"}],"collection":[{"href":"https:\/\/blogs.ideal.es\/rumores\/wp-json\/wp\/v2\/posts"}],"about":[{"href":"https:\/\/blogs.ideal.es\/rumores\/wp-json\/wp\/v2\/types\/post"}],"author":[{"embeddable":true,"href":"https:\/\/blogs.ideal.es\/rumores\/wp-json\/wp\/v2\/users\/3"}],"replies":[{"embeddable":true,"href":"https:\/\/blogs.ideal.es\/rumores\/wp-json\/wp\/v2\/comments?post=21"}],"version-history":[{"count":0,"href":"https:\/\/blogs.ideal.es\/rumores\/wp-json\/wp\/v2\/posts\/21\/revisions"}],"wp:attachment":[{"href":"https:\/\/blogs.ideal.es\/rumores\/wp-json\/wp\/v2\/media?parent=21"}],"wp:term":[{"taxonomy":"category","embeddable":true,"href":"https:\/\/blogs.ideal.es\/rumores\/wp-json\/wp\/v2\/categories?post=21"},{"taxonomy":"post_tag","embeddable":true,"href":"https:\/\/blogs.ideal.es\/rumores\/wp-json\/wp\/v2\/tags?post=21"}],"curies":[{"name":"wp","href":"https:\/\/api.w.org\/{rel}","templated":true}]}}