{"id":28,"date":"2006-01-24T13:04:11","date_gmt":"2006-01-24T13:04:11","guid":{"rendered":"http:\/\/blogs.ideal.es\/rumores\/?p=28"},"modified":"2006-01-24T13:04:11","modified_gmt":"2006-01-24T13:04:11","slug":"las-televisiones-arenas","status":"publish","type":"post","link":"https:\/\/blogs.ideal.es\/rumores\/2006\/01\/24\/las-televisiones-arenas\/","title":{"rendered":"Las televisiones de Arenas"},"content":{"rendered":"<p>Vuelvo de mi descanso a darle vida a las cotorras en este blog que es m\u00e1s chismorr\u00f3n que una portera\/o. Esta ma\u00f1ana me he encontrado con el alcalde de Jun, rejuvenecido despu\u00e9s del foll\u00f3n de los okupas, que se le vino encima cuand ten\u00eda fijada la fecha de su boda -una larga historia-. Pero no es de \u00e9l de quien quer\u00eda hablarles hoy. Este &#8216;rumore&#8217; va de las televisiones de Arenas. Me cuenta un amigo malague\u00f1o que Francisco de la Torre ya ha puesto en marcha la suya y ha fichado a toda una veterana, Carmen Abenza. Torres Hurtado dispone de la licencia, pero no ha habido ning\u00fan movimiento que desvele sus intenciones. Tan s\u00f3lo el fichaje de un profesional para el gabinete de comunicaci\u00f3n del Ayuntamiento. Contrataci\u00f3n que levant\u00f3 suspicacias por tratarse de la mujer de un militante del PP. No s\u00e9 si ha habido alg\u00fan chanchullo, lo que s\u00ed tengo seguro es que si esta persona quisiera conseguir trabajo por sus lazos familiares estar\u00eda en otro sitio ganando m\u00e1s dinero. Es un secreto a voces que Arenas quiere poner en marcha televisiones locales en las capitales donde gobierna el PP de cara a las municipales. No en vano, es ah\u00ed donde Arenas se la juega. Las elecciones a la Junta, tras el fiasco de Te\u00f3fila, puede perderlas, le basta con un resultado digno. Pero en las municipales, donde ahora el PP tiene seis de ocho, no puede patinar porque empezar\u00eda a cuestionarse la efectividad de la gran esperanza blanca. <\/p>\n<!-- AddThis Advanced Settings generic via filter on the_content --><!-- AddThis Share Buttons generic via filter on the_content -->","protected":false},"excerpt":{"rendered":"<p>Vuelvo de mi descanso a darle vida a las cotorras en este blog que es m\u00e1s chismorr\u00f3n que una portera\/o. Esta ma\u00f1ana me he encontrado con el alcalde de Jun, rejuvenecido despu\u00e9s del foll\u00f3n de los okupas, que se le vino encima cuand ten\u00eda fijada la fecha de su boda -una larga historia-. Pero no [&hellip;]<!-- AddThis Advanced Settings generic via filter on get_the_excerpt --><!-- AddThis Share Buttons generic via filter on get_the_excerpt --><\/p>\n","protected":false},"author":3,"featured_media":0,"comment_status":"open","ping_status":"closed","sticky":false,"template":"","format":"standard","meta":[],"categories":[2],"tags":[],"_links":{"self":[{"href":"https:\/\/blogs.ideal.es\/rumores\/wp-json\/wp\/v2\/posts\/28"}],"collection":[{"href":"https:\/\/blogs.ideal.es\/rumores\/wp-json\/wp\/v2\/posts"}],"about":[{"href":"https:\/\/blogs.ideal.es\/rumores\/wp-json\/wp\/v2\/types\/post"}],"author":[{"embeddable":true,"href":"https:\/\/blogs.ideal.es\/rumores\/wp-json\/wp\/v2\/users\/3"}],"replies":[{"embeddable":true,"href":"https:\/\/blogs.ideal.es\/rumores\/wp-json\/wp\/v2\/comments?post=28"}],"version-history":[{"count":0,"href":"https:\/\/blogs.ideal.es\/rumores\/wp-json\/wp\/v2\/posts\/28\/revisions"}],"wp:attachment":[{"href":"https:\/\/blogs.ideal.es\/rumores\/wp-json\/wp\/v2\/media?parent=28"}],"wp:term":[{"taxonomy":"category","embeddable":true,"href":"https:\/\/blogs.ideal.es\/rumores\/wp-json\/wp\/v2\/categories?post=28"},{"taxonomy":"post_tag","embeddable":true,"href":"https:\/\/blogs.ideal.es\/rumores\/wp-json\/wp\/v2\/tags?post=28"}],"curies":[{"name":"wp","href":"https:\/\/api.w.org\/{rel}","templated":true}]}}