{"id":286,"date":"2007-10-03T16:16:58","date_gmt":"2007-10-03T16:16:58","guid":{"rendered":"http:\/\/blogs.ideal.es\/rumores\/?p=286"},"modified":"2007-10-03T16:16:58","modified_gmt":"2007-10-03T16:16:58","slug":"chaves-y-lluvia","status":"publish","type":"post","link":"https:\/\/blogs.ideal.es\/rumores\/2007\/10\/03\/chaves-y-lluvia\/","title":{"rendered":"Chaves y la lluvia"},"content":{"rendered":"<p><P>Unos cuantos -muy pocos- han confundido este blog semiclandestino con la palestra de un tribunal. No voy a decir que me incomode, pero me resulta ingenuo que algunos se defiendan en este foro con m\u00e1s cojones que cuando dan la cara. Y esos para los que por lo menos han tenido reda\u00f1os de ense\u00f1ar la jeta, que los hay que se la tapan cuando van a los juzgados. Es un poner. <\/P><P>Por eso yo he puesto la m\u00eda sobre la mesa, por si alguna vez hubo qui\u00e9n tuvo duda, y con este redise\u00f1o de la web salgo en algunas pantallas con el rostro de medio lelo al descubierto. <\/P><P>El que ha dado la cara hoy por Alcal\u00e1 de Guada\u00edra ha sido Manolo Chaves, que ha acudido al instante a anunciar ayudas tras la tromba de agua que cada vez tenemos m\u00e1s cerca del cuello. Apenas si ha tardado unas horas. Y s\u00f3lo podemos decir que ha hecho lo que deb\u00eda, estar donde su cargo le obliga.<\/P><P>Alg\u00fan rumoreadicto me pidi\u00f3 en su d\u00eda que rectificara cuando censur\u00e9 en este blog que los dirigentes pol\u00edticos no tuvieran la verg\u00fcenza de acercarse por Almu\u00f1\u00e9car cuando la riada se llevo dos puentes y se cobr\u00f3 una vida. <\/P><P>Ni yo rectifiqu\u00e9 ni Chaves ha asomado todav\u00eda por la Costa Tropical, que bien es cierto que tenem\u00f3s una carretera que da asco, pero que tampoco se tardan quince d\u00edas en venir desde Sevilla. <\/P><P>No es que Manolo fuese a arreglar nada. Pero jode. <\/P><P>&nbsp;<\/P><P>Postdata: Ma\u00f1ana hablaremos de los aviones. <\/P><\/p>\n<!-- AddThis Advanced Settings generic via filter on the_content --><!-- AddThis Share Buttons generic via filter on the_content -->","protected":false},"excerpt":{"rendered":"<p>Unos cuantos -muy pocos- han confundido este blog semiclandestino con la palestra de un tribunal. No voy a decir que me incomode, pero me resulta ingenuo que algunos se defiendan en este foro con m\u00e1s cojones que cuando dan la cara. Y esos para los que por lo menos han tenido reda\u00f1os de ense\u00f1ar la [&hellip;]<!-- AddThis Advanced Settings generic via filter on get_the_excerpt --><!-- AddThis Share Buttons generic via filter on get_the_excerpt --><\/p>\n","protected":false},"author":3,"featured_media":0,"comment_status":"open","ping_status":"closed","sticky":false,"template":"","format":"standard","meta":[],"categories":[2],"tags":[],"_links":{"self":[{"href":"https:\/\/blogs.ideal.es\/rumores\/wp-json\/wp\/v2\/posts\/286"}],"collection":[{"href":"https:\/\/blogs.ideal.es\/rumores\/wp-json\/wp\/v2\/posts"}],"about":[{"href":"https:\/\/blogs.ideal.es\/rumores\/wp-json\/wp\/v2\/types\/post"}],"author":[{"embeddable":true,"href":"https:\/\/blogs.ideal.es\/rumores\/wp-json\/wp\/v2\/users\/3"}],"replies":[{"embeddable":true,"href":"https:\/\/blogs.ideal.es\/rumores\/wp-json\/wp\/v2\/comments?post=286"}],"version-history":[{"count":0,"href":"https:\/\/blogs.ideal.es\/rumores\/wp-json\/wp\/v2\/posts\/286\/revisions"}],"wp:attachment":[{"href":"https:\/\/blogs.ideal.es\/rumores\/wp-json\/wp\/v2\/media?parent=286"}],"wp:term":[{"taxonomy":"category","embeddable":true,"href":"https:\/\/blogs.ideal.es\/rumores\/wp-json\/wp\/v2\/categories?post=286"},{"taxonomy":"post_tag","embeddable":true,"href":"https:\/\/blogs.ideal.es\/rumores\/wp-json\/wp\/v2\/tags?post=286"}],"curies":[{"name":"wp","href":"https:\/\/api.w.org\/{rel}","templated":true}]}}