{"id":29,"date":"2006-01-26T10:58:31","date_gmt":"2006-01-26T10:58:31","guid":{"rendered":"http:\/\/blogs.ideal.es\/rumores\/?p=29"},"modified":"2006-01-26T10:58:31","modified_gmt":"2006-01-26T10:58:31","slug":"en-fitur","status":"publish","type":"post","link":"https:\/\/blogs.ideal.es\/rumores\/2006\/01\/26\/en-fitur\/","title":{"rendered":"EN Fitur"},"content":{"rendered":"<p>Me he ido a Fitur, que nunca se cansa uno de ver tanto bellez\u00f3n junto. Antes de que tilden a este blog de machista -que puede ser otras tantas cosas- les dir\u00e9 que una amiga m\u00eda piensa lo mismo pero a la inversa. Fitur ya no es Follitur, por la cuenta que me trae, y a los pol\u00edticos ya no les atrae pasar tres d\u00edas en Madrid por el ga\u00f1ote. Pudiendo irse a Londres lo comprendo. Caler y el alcalde ni se han mirado. Me cuentan que el Ayuntamiento todav\u00eda no ha pagado su parte en el convenio de los vuelos baratos por lo que est\u00e1n saliendo algo m\u00e1s caro, es obvio. Pocas cosas. Que Mariano Guti\u00e9rrez Terr\u00f3n le pidi\u00f3 ayer a Chaves que vaya a Sierra Nevada, que Juan Garc\u00eda Montero fue al Bernab\u00e9u, o que hay qui\u00e9n consigue tomarse dos copas hasta donde no las ponen. Venir a Fitur, si no tienes nada que hacer, es de cateto y de gorr\u00f3n. En cualquier picadero del extrarradio te clavan 150 euros por dormir una noche y todo se paga aunque nadie lo pague de su bolsillo. Pero en Fitur, hasta el m\u00e1s prepotente se da cuenta de que no es nadie. Como el alcalde -y no lo digo por prepotente-, al que ayer le saludaron en su propio stand: &#8220;Hola, \u00bfusted era el concejal de&#8230;?&#8221; Es lo que le pasaba al concejal de Cuenca, que en Madrid no pinta nada; ni en Cuenca tampoco. <\/p>\n<!-- AddThis Advanced Settings generic via filter on the_content --><!-- AddThis Share Buttons generic via filter on the_content -->","protected":false},"excerpt":{"rendered":"<p>Me he ido a Fitur, que nunca se cansa uno de ver tanto bellez\u00f3n junto. Antes de que tilden a este blog de machista -que puede ser otras tantas cosas- les dir\u00e9 que una amiga m\u00eda piensa lo mismo pero a la inversa. Fitur ya no es Follitur, por la cuenta que me trae, y [&hellip;]<!-- AddThis Advanced Settings generic via filter on get_the_excerpt --><!-- AddThis Share Buttons generic via filter on get_the_excerpt --><\/p>\n","protected":false},"author":3,"featured_media":0,"comment_status":"open","ping_status":"closed","sticky":false,"template":"","format":"standard","meta":[],"categories":[2],"tags":[],"_links":{"self":[{"href":"https:\/\/blogs.ideal.es\/rumores\/wp-json\/wp\/v2\/posts\/29"}],"collection":[{"href":"https:\/\/blogs.ideal.es\/rumores\/wp-json\/wp\/v2\/posts"}],"about":[{"href":"https:\/\/blogs.ideal.es\/rumores\/wp-json\/wp\/v2\/types\/post"}],"author":[{"embeddable":true,"href":"https:\/\/blogs.ideal.es\/rumores\/wp-json\/wp\/v2\/users\/3"}],"replies":[{"embeddable":true,"href":"https:\/\/blogs.ideal.es\/rumores\/wp-json\/wp\/v2\/comments?post=29"}],"version-history":[{"count":0,"href":"https:\/\/blogs.ideal.es\/rumores\/wp-json\/wp\/v2\/posts\/29\/revisions"}],"wp:attachment":[{"href":"https:\/\/blogs.ideal.es\/rumores\/wp-json\/wp\/v2\/media?parent=29"}],"wp:term":[{"taxonomy":"category","embeddable":true,"href":"https:\/\/blogs.ideal.es\/rumores\/wp-json\/wp\/v2\/categories?post=29"},{"taxonomy":"post_tag","embeddable":true,"href":"https:\/\/blogs.ideal.es\/rumores\/wp-json\/wp\/v2\/tags?post=29"}],"curies":[{"name":"wp","href":"https:\/\/api.w.org\/{rel}","templated":true}]}}