{"id":31,"date":"2006-01-27T20:16:28","date_gmt":"2006-01-27T20:16:28","guid":{"rendered":"http:\/\/blogs.ideal.es\/rumores\/?p=31"},"modified":"2006-01-27T20:16:28","modified_gmt":"2006-01-27T20:16:28","slug":"politicos-no-se-rien","status":"publish","type":"post","link":"https:\/\/blogs.ideal.es\/rumores\/2006\/01\/27\/politicos-no-se-rien\/","title":{"rendered":"Pol\u00edticos que no se r\u00eden"},"content":{"rendered":"<p>Este blog de medio pelo es punta de lanza de una lanza sin punta. Y como he dicho en otra ocasi\u00f3n, los pol\u00edticos lo leen con m\u00e1s miedo que verg\u00fcenza. Rebajaremos el tono sin rebajarnos los pantalones, para que nadie que nos incomoda se incomode. \u00bfLo pillan? Definitivamente, hay pol\u00edticos que no se r\u00eden; tienen los labios cosidos con hilo de demagogia barata, &#8216;todospoderosos&#8217; pusil\u00e1nimes, piel de guerrero con pies de barro. Se les cay\u00f3 la sonrisa pero no los dientes. Tendr\u00edan que aprender a re\u00edr; pero no es f\u00e1cil. Y se cabrean, se mosquean, matan al mensajero, se tiran de los pelos hasta los calvos e intentan coser las bocas de los dem\u00e1s con sus mismos pespuntes. S\u00e9 de uno que le sientan mal que hablen de \u00e9l -es uno de los favoritos de este pretensioso blog- pero, en cambio, \u00e9l va largando por los codos una novela polic\u00edaca; aunque aqu\u00ed no hay polic\u00edas de nada ni de nadie ni tampoco ladrones, o en eso quedamos. S\u00e9 de otro que se empe\u00f1a en que los periodistas nos equivocamos; de ciclot\u00edmicos; de enga\u00f1abobos; de vividores; supervivientes; s\u00e9 de muchos que no s\u00e9 que pintan en la vida p\u00fablica. Afortunadamente, no son todos.  <\/p>\n<!-- AddThis Advanced Settings generic via filter on the_content --><!-- AddThis Share Buttons generic via filter on the_content -->","protected":false},"excerpt":{"rendered":"<p>Este blog de medio pelo es punta de lanza de una lanza sin punta. Y como he dicho en otra ocasi\u00f3n, los pol\u00edticos lo leen con m\u00e1s miedo que verg\u00fcenza. Rebajaremos el tono sin rebajarnos los pantalones, para que nadie que nos incomoda se incomode. \u00bfLo pillan? Definitivamente, hay pol\u00edticos que no se r\u00eden; tienen [&hellip;]<!-- AddThis Advanced Settings generic via filter on get_the_excerpt --><!-- AddThis Share Buttons generic via filter on get_the_excerpt --><\/p>\n","protected":false},"author":3,"featured_media":0,"comment_status":"open","ping_status":"closed","sticky":false,"template":"","format":"standard","meta":[],"categories":[2],"tags":[],"_links":{"self":[{"href":"https:\/\/blogs.ideal.es\/rumores\/wp-json\/wp\/v2\/posts\/31"}],"collection":[{"href":"https:\/\/blogs.ideal.es\/rumores\/wp-json\/wp\/v2\/posts"}],"about":[{"href":"https:\/\/blogs.ideal.es\/rumores\/wp-json\/wp\/v2\/types\/post"}],"author":[{"embeddable":true,"href":"https:\/\/blogs.ideal.es\/rumores\/wp-json\/wp\/v2\/users\/3"}],"replies":[{"embeddable":true,"href":"https:\/\/blogs.ideal.es\/rumores\/wp-json\/wp\/v2\/comments?post=31"}],"version-history":[{"count":0,"href":"https:\/\/blogs.ideal.es\/rumores\/wp-json\/wp\/v2\/posts\/31\/revisions"}],"wp:attachment":[{"href":"https:\/\/blogs.ideal.es\/rumores\/wp-json\/wp\/v2\/media?parent=31"}],"wp:term":[{"taxonomy":"category","embeddable":true,"href":"https:\/\/blogs.ideal.es\/rumores\/wp-json\/wp\/v2\/categories?post=31"},{"taxonomy":"post_tag","embeddable":true,"href":"https:\/\/blogs.ideal.es\/rumores\/wp-json\/wp\/v2\/tags?post=31"}],"curies":[{"name":"wp","href":"https:\/\/api.w.org\/{rel}","templated":true}]}}