{"id":32,"date":"2006-01-29T18:05:56","date_gmt":"2006-01-29T18:05:56","guid":{"rendered":"http:\/\/blogs.ideal.es\/rumores\/?p=32"},"modified":"2006-01-29T18:05:56","modified_gmt":"2006-01-29T18:05:56","slug":"la-sede-del-psoe","status":"publish","type":"post","link":"https:\/\/blogs.ideal.es\/rumores\/2006\/01\/29\/la-sede-del-psoe\/","title":{"rendered":"La sede del PSOE"},"content":{"rendered":"<p>El 3 de febrero Zapatero vendr\u00e1 a Granada a inaugurar la nueva sede socialista. Siempre he querido tener un despacho como el tuyo, Paco, lo reconozco. Aunque est\u00e9 decorado con muebles de Ikea. Lo curioso de este acto es que la celebraci\u00f3n se har\u00e1 en el Palacio de Deportes; debe de ser idea de la Consejer\u00eda de Innovaci\u00f3n, porque no se puede innovar m\u00e1s que inaugurando algo en otro sitio. De Ikea se han tra\u00eddo unos cuadros enormes que simulan la rosa socialista, que es como comprar ideolog\u00eda a precio de saldo. Otros cuadros los ha puesto el alcalde de Castril, Juan Mar. En el auditorio de la sede se va a celebrar un ciclo de conferencias sobre socialistas granadinos del siglo XX, coordinado por Antonio Jara. Charlas de barba recia y chaqueta de pana, que s\u00f3lo se modernizar\u00e1n si las adornan con la figura curvil\u00ednea de Carmen Garc\u00eda Raya, \u00bfverdad, Dani? Pero ella no es una socialista del siglo XX, es de la segunda modernizaci\u00f3n, como todos. Por eso a las nuevas generaciones no les seduce la pol\u00edtica. Porque los j\u00f3venes tienen m\u00e1s ideolog\u00eda que valores a\u00f1adidos, desarrollo sostenible y todas esas chorradas en las que se ha convertido la pol\u00edtica, que ya no tiene rosa, ni barba, ni chaqueta de pana. Y hasta una gaviota tiene m\u00e1s br\u00edos de libertad que cualquier capullo.<\/p>\n<!-- AddThis Advanced Settings generic via filter on the_content --><!-- AddThis Share Buttons generic via filter on the_content -->","protected":false},"excerpt":{"rendered":"<p>El 3 de febrero Zapatero vendr\u00e1 a Granada a inaugurar la nueva sede socialista. Siempre he querido tener un despacho como el tuyo, Paco, lo reconozco. Aunque est\u00e9 decorado con muebles de Ikea. Lo curioso de este acto es que la celebraci\u00f3n se har\u00e1 en el Palacio de Deportes; debe de ser idea de la [&hellip;]<!-- AddThis Advanced Settings generic via filter on get_the_excerpt --><!-- AddThis Share Buttons generic via filter on get_the_excerpt --><\/p>\n","protected":false},"author":3,"featured_media":0,"comment_status":"open","ping_status":"closed","sticky":false,"template":"","format":"standard","meta":[],"categories":[2],"tags":[],"_links":{"self":[{"href":"https:\/\/blogs.ideal.es\/rumores\/wp-json\/wp\/v2\/posts\/32"}],"collection":[{"href":"https:\/\/blogs.ideal.es\/rumores\/wp-json\/wp\/v2\/posts"}],"about":[{"href":"https:\/\/blogs.ideal.es\/rumores\/wp-json\/wp\/v2\/types\/post"}],"author":[{"embeddable":true,"href":"https:\/\/blogs.ideal.es\/rumores\/wp-json\/wp\/v2\/users\/3"}],"replies":[{"embeddable":true,"href":"https:\/\/blogs.ideal.es\/rumores\/wp-json\/wp\/v2\/comments?post=32"}],"version-history":[{"count":0,"href":"https:\/\/blogs.ideal.es\/rumores\/wp-json\/wp\/v2\/posts\/32\/revisions"}],"wp:attachment":[{"href":"https:\/\/blogs.ideal.es\/rumores\/wp-json\/wp\/v2\/media?parent=32"}],"wp:term":[{"taxonomy":"category","embeddable":true,"href":"https:\/\/blogs.ideal.es\/rumores\/wp-json\/wp\/v2\/categories?post=32"},{"taxonomy":"post_tag","embeddable":true,"href":"https:\/\/blogs.ideal.es\/rumores\/wp-json\/wp\/v2\/tags?post=32"}],"curies":[{"name":"wp","href":"https:\/\/api.w.org\/{rel}","templated":true}]}}