{"id":320,"date":"2011-07-11T20:05:00","date_gmt":"2011-07-11T20:05:00","guid":{"rendered":"http:\/\/blogs.ideal.es\/rumores\/?p=320"},"modified":"2011-07-11T20:05:00","modified_gmt":"2011-07-11T20:05:00","slug":"el-ayuntamiento-habla-su-libro","status":"publish","type":"post","link":"https:\/\/blogs.ideal.es\/rumores\/2011\/07\/11\/el-ayuntamiento-habla-su-libro\/","title":{"rendered":"El Ayuntamiento no habla de su libro"},"content":{"rendered":"<p>  <P style=\"MARGIN-BOTTOM: 0cm\">Ya avis\u00e9 de que iban a aparecer m\u00e1s papeles <A id=link_0 title=https:\/\/blogs.ideal.es\/rumores\/2011\/6\/13\/empapelados href=\"https:\/\/blogs.ideal.es\/rumores\/2011\/6\/13\/empapelados\">traspapelados<\/A> y ahora hemos sabido que algui\u00e9n despist\u00f3 facturas, expedientes y libros hist\u00f3ricos del archivo del Ayuntamiento. <\/p>\n<p> <P style=\"MARGIN-BOTTOM: 0cm\">El gobierno municipal dice que investigar\u00e1 de d\u00f3nde han salido tantos papelajos, pero como tienen esa clarividencia que les caracteriza la concejala <STRONG>Mar\u00eda Franc\u00e9s <\/STRONG>ya nos ha anticipado que el libro del siglo XIX no ha salido del Ayuntamiento, que seguramente sea de un particular y no es de descartar que probablemente sea de mi prima. <\/p>\n<p> <P style=\"MARGIN-BOTTOM: 0cm\">Dice Mar\u00eda que no lo han podido robar del archivo porque no est\u00e1 inventariado. Y eso me recuerda al d\u00eda que el gran Mansilla buscaba a un muerto que nadie reclamaba en un pueblo peque\u00f1o del Cintur\u00f3n. Tirando de t\u00e9cnicas que s\u00f3lo \u00e9l conoce hab\u00eda conseguido el nombre y los apellidos: \u201cPues busca en la gu\u00eda, que no habr\u00e1 muchos que se llamen as\u00ed\u201d, le suger\u00ed. \u201cSolo hay uno, pero lo estoy llamando por tel\u00e9fono y no lo coge\u201d. Pues lo mismo va a ser porque est\u00e9 muerto. <\/p>\n<p> <P style=\"MARGIN-BOTTOM: 0cm\">A lo mejor, si el libro no est\u00e1 inventariado es porque alguien se lo llev\u00f3, ahora o hace a\u00f1os. <\/p>\n<p> <P style=\"MARGIN-BOTTOM: 0cm\">Entiendo que en el Ayuntamiento no hayan echado de menos un libraco de 1886, porque esos libros antiguos tienen muchas letras y pocas fotos. <\/p>\n<p> <P style=\"MARGIN-BOTTOM: 0cm\">Pero es m\u00e1s sorprendente que no les preocupe que tengan un agujero en el control del \u00e1rea de Econom\u00eda -desde hace a\u00f1os- y alguien se est\u00e9 montando un registro paralelo de facturas, no s\u00e9 si para callar bocas o para dar que hablar, que la dos cosas pueden ser. <\/p>\n<p> <P style=\"MARGIN-BOTTOM: 0cm\">Y esto lo digo porque yo ya he hecho mi investigaci\u00f3n, mucho m\u00e1s lenta que la de Mar\u00eda, por eso yo nunca ser\u00e9 concejal de Patrimonio. <\/p>\n<!-- AddThis Advanced Settings generic via filter on the_content --><!-- AddThis Share Buttons generic via filter on the_content -->","protected":false},"excerpt":{"rendered":"<p>Ya avis\u00e9 de que iban a aparecer m\u00e1s papeles traspapelados y ahora hemos sabido que algui\u00e9n despist\u00f3 facturas, expedientes y libros hist\u00f3ricos del archivo del Ayuntamiento. El gobierno municipal dice que investigar\u00e1 de d\u00f3nde han salido tantos papelajos, pero como tienen esa clarividencia que les caracteriza la concejala Mar\u00eda Franc\u00e9s ya nos ha anticipado que [&hellip;]<!-- AddThis Advanced Settings generic via filter on get_the_excerpt --><!-- AddThis Share Buttons generic via filter on get_the_excerpt --><\/p>\n","protected":false},"author":4,"featured_media":0,"comment_status":"open","ping_status":"closed","sticky":false,"template":"","format":"standard","meta":[],"categories":[3],"tags":[43,63,73],"_links":{"self":[{"href":"https:\/\/blogs.ideal.es\/rumores\/wp-json\/wp\/v2\/posts\/320"}],"collection":[{"href":"https:\/\/blogs.ideal.es\/rumores\/wp-json\/wp\/v2\/posts"}],"about":[{"href":"https:\/\/blogs.ideal.es\/rumores\/wp-json\/wp\/v2\/types\/post"}],"author":[{"embeddable":true,"href":"https:\/\/blogs.ideal.es\/rumores\/wp-json\/wp\/v2\/users\/4"}],"replies":[{"embeddable":true,"href":"https:\/\/blogs.ideal.es\/rumores\/wp-json\/wp\/v2\/comments?post=320"}],"version-history":[{"count":0,"href":"https:\/\/blogs.ideal.es\/rumores\/wp-json\/wp\/v2\/posts\/320\/revisions"}],"wp:attachment":[{"href":"https:\/\/blogs.ideal.es\/rumores\/wp-json\/wp\/v2\/media?parent=320"}],"wp:term":[{"taxonomy":"category","embeddable":true,"href":"https:\/\/blogs.ideal.es\/rumores\/wp-json\/wp\/v2\/categories?post=320"},{"taxonomy":"post_tag","embeddable":true,"href":"https:\/\/blogs.ideal.es\/rumores\/wp-json\/wp\/v2\/tags?post=320"}],"curies":[{"name":"wp","href":"https:\/\/api.w.org\/{rel}","templated":true}]}}