{"id":322,"date":"2011-07-25T11:03:00","date_gmt":"2011-07-25T11:03:00","guid":{"rendered":"http:\/\/blogs.ideal.es\/rumores\/?p=322"},"modified":"2011-07-25T11:03:00","modified_gmt":"2011-07-25T11:03:00","slug":"nos-vemos-luego","status":"publish","type":"post","link":"https:\/\/blogs.ideal.es\/rumores\/2011\/07\/25\/nos-vemos-luego\/","title":{"rendered":"Nos vemos luego"},"content":{"rendered":"<p>Me ha llevado Melchor a hablar en la Universidad de Verano sobre periodismo; mucho m\u00e1s arriesgado habr\u00eda sido ponerme a dar una charla sobre F\u00edsica Cu\u00e1ntica. O no.<\/p>\n<p> Les he contado que tenemos que reinventar esta profesi\u00f3n; volver a ser la conciencia de la sociedad, ejercer de l\u00edderes de opini\u00f3n y no de l\u00edderes pol\u00edticos; dejar de hacer periodismo de sal\u00f3n y gastar la suela de los zapatos, como hac\u00eda<SPAN class=ft><STRONG><SPAN class=ft> <\/SPAN><\/STRONG><STRONG>Kapuscinski<\/STRONG>; contar historias que jam\u00e1s nadie antes haya contado; y hacer todo esto teniendo en cuenta que a final de mes tenemos que cobrar, que no somos ni juieces ni polic\u00edas y que nosotros ya cumplimos con la sociedad aquella ocasi\u00f3n en que quisimos cambiar el mundo; as\u00ed que ahora mejor no pillarnos las barbas con nuestro propio tejado. Que alguna vez tendremos que guardar la ropa para poder salir a nadar a la ma\u00f1ana siguiente y as\u00ed, reportero siempre por cuenta propia, un poco tarumba pero no un descerebrado, quiz\u00e1s alg\u00fan d\u00eda tengamos suficiente dinero para comprarnos los pantalones de estambre de los que hablaba <STRONG>Tom Wolfe<\/STRONG>. <\/SPAN><\/p>\n<p> <SPAN class=ft>Les he contado todo esto y me he largado de vacaciones.<\/SPAN><\/p>\n<p> <SPAN class=ft>No s\u00e9 si habr\u00e1n entendido algo, si habr\u00e1n dejado de tener fe en una profesi\u00f3n que tiene sexo, como los \u00e1ngeles bastardos, o si acaso pertenec\u00edan ya a esa tropa que piensa que los periodistas somos unos manipuladores pendencieros que vender\u00edamos a nuestra madre, lo mismo por un titular que por un plato gratis de croquetas. <\/SPAN><\/p>\n<p> <SPAN class=ft>Pero todav\u00eda seremos \u00fatiles si la mitad de los que nos odian nos critican por haber destapado sus miserias. <\/SPAN><\/p>\n<p> <SPAN class=ft>As\u00ed que, sienti\u00e9ndolo mucho, nos vemos luego. <\/SPAN><\/p>\n<!-- AddThis Advanced Settings generic via filter on the_content --><!-- AddThis Share Buttons generic via filter on the_content -->","protected":false},"excerpt":{"rendered":"<p>Me ha llevado Melchor a hablar en la Universidad de Verano sobre periodismo; mucho m\u00e1s arriesgado habr\u00eda sido ponerme a dar una charla sobre F\u00edsica Cu\u00e1ntica. O no. Les he contado que tenemos que reinventar esta profesi\u00f3n; volver a ser la conciencia de la sociedad, ejercer de l\u00edderes de opini\u00f3n y no de l\u00edderes pol\u00edticos; [&hellip;]<!-- AddThis Advanced Settings generic via filter on get_the_excerpt --><!-- AddThis Share Buttons generic via filter on get_the_excerpt --><\/p>\n","protected":false},"author":4,"featured_media":0,"comment_status":"open","ping_status":"closed","sticky":false,"template":"","format":"standard","meta":[],"categories":[3],"tags":[],"_links":{"self":[{"href":"https:\/\/blogs.ideal.es\/rumores\/wp-json\/wp\/v2\/posts\/322"}],"collection":[{"href":"https:\/\/blogs.ideal.es\/rumores\/wp-json\/wp\/v2\/posts"}],"about":[{"href":"https:\/\/blogs.ideal.es\/rumores\/wp-json\/wp\/v2\/types\/post"}],"author":[{"embeddable":true,"href":"https:\/\/blogs.ideal.es\/rumores\/wp-json\/wp\/v2\/users\/4"}],"replies":[{"embeddable":true,"href":"https:\/\/blogs.ideal.es\/rumores\/wp-json\/wp\/v2\/comments?post=322"}],"version-history":[{"count":0,"href":"https:\/\/blogs.ideal.es\/rumores\/wp-json\/wp\/v2\/posts\/322\/revisions"}],"wp:attachment":[{"href":"https:\/\/blogs.ideal.es\/rumores\/wp-json\/wp\/v2\/media?parent=322"}],"wp:term":[{"taxonomy":"category","embeddable":true,"href":"https:\/\/blogs.ideal.es\/rumores\/wp-json\/wp\/v2\/categories?post=322"},{"taxonomy":"post_tag","embeddable":true,"href":"https:\/\/blogs.ideal.es\/rumores\/wp-json\/wp\/v2\/tags?post=322"}],"curies":[{"name":"wp","href":"https:\/\/api.w.org\/{rel}","templated":true}]}}