{"id":326,"date":"2011-08-18T11:18:23","date_gmt":"2011-08-18T10:18:23","guid":{"rendered":"http:\/\/blogs.ideal.es\/rumores\/?p=326"},"modified":"2011-08-18T11:18:23","modified_gmt":"2011-08-18T10:18:23","slug":"abierto-y-sin-vacaciones","status":"publish","type":"post","link":"https:\/\/blogs.ideal.es\/rumores\/2011\/08\/18\/abierto-y-sin-vacaciones\/","title":{"rendered":"Abierto y sin vacaciones"},"content":{"rendered":"<p>Vuelvo otro a\u00f1o de vacaciones con el firme prop\u00f3sito de no apuntarme a un gimnasio, de no coleccionar otra cosa que no sean botellines de cerveza y de dejar para ma\u00f1ana todo lo que no merezca la pena hacer hoy. Y a\u00fan as\u00ed, no tengo claro que pueda cumplir con todo.<\/p>\n<p>Regreso a esta actualidad de cuentas pendientes y facturas atrasadas, enredada permanentemente en el disparate. Sin treguas electorales.<\/p>\n<p>A mediados de julio, el Gobierno advirti\u00f3 a algunos ayuntamientos de la provincia que tuvieran preparadas las urnas y poco despu\u00e9s <strong>Zapatero<\/strong> titul\u00f3 su ep\u00edlogo <strong>20N<\/strong>, cuando el debate m\u00e1s profundo en el que and\u00e1bamos inmersos la mayor\u00eda era si el tinto de verano combina mejor con lim\u00f3n o con gaseosa.<\/p>\n<p>Y partir de entonces ya nada de lo que sucede se puede suponer inocente. Ni las voces ni el silencio.<\/p>\n<p>Con lo bien que viv\u00edamos entre el sol y la nevera.<\/p>\n<p>Mucho mejor si hasta en el coche tuvi\u00e9ramos un frigor\u00edfico. Como le suced\u00eda al veh\u00edculo oficial que compr\u00f3 un pol\u00edtico granadino que sigue de vacaciones.<\/p>\n<p>De momento.<\/p>\n<!-- AddThis Advanced Settings generic via filter on the_content --><!-- AddThis Share Buttons generic via filter on the_content -->","protected":false},"excerpt":{"rendered":"<p>Vuelvo otro a\u00f1o de vacaciones con el firme prop\u00f3sito de no apuntarme a un gimnasio, de no coleccionar otra cosa que no sean botellines de cerveza y de dejar para ma\u00f1ana todo lo que no merezca la pena hacer hoy. Y a\u00fan as\u00ed, no tengo claro que pueda cumplir con todo. Regreso a esta actualidad [&hellip;]<!-- AddThis Advanced Settings generic via filter on get_the_excerpt --><!-- AddThis Share Buttons generic via filter on get_the_excerpt --><\/p>\n","protected":false},"author":4,"featured_media":0,"comment_status":"open","ping_status":"closed","sticky":false,"template":"","format":"standard","meta":[],"categories":[3],"tags":[],"_links":{"self":[{"href":"https:\/\/blogs.ideal.es\/rumores\/wp-json\/wp\/v2\/posts\/326"}],"collection":[{"href":"https:\/\/blogs.ideal.es\/rumores\/wp-json\/wp\/v2\/posts"}],"about":[{"href":"https:\/\/blogs.ideal.es\/rumores\/wp-json\/wp\/v2\/types\/post"}],"author":[{"embeddable":true,"href":"https:\/\/blogs.ideal.es\/rumores\/wp-json\/wp\/v2\/users\/4"}],"replies":[{"embeddable":true,"href":"https:\/\/blogs.ideal.es\/rumores\/wp-json\/wp\/v2\/comments?post=326"}],"version-history":[{"count":0,"href":"https:\/\/blogs.ideal.es\/rumores\/wp-json\/wp\/v2\/posts\/326\/revisions"}],"wp:attachment":[{"href":"https:\/\/blogs.ideal.es\/rumores\/wp-json\/wp\/v2\/media?parent=326"}],"wp:term":[{"taxonomy":"category","embeddable":true,"href":"https:\/\/blogs.ideal.es\/rumores\/wp-json\/wp\/v2\/categories?post=326"},{"taxonomy":"post_tag","embeddable":true,"href":"https:\/\/blogs.ideal.es\/rumores\/wp-json\/wp\/v2\/tags?post=326"}],"curies":[{"name":"wp","href":"https:\/\/api.w.org\/{rel}","templated":true}]}}