{"id":337,"date":"2011-09-27T12:20:44","date_gmt":"2011-09-27T11:20:44","guid":{"rendered":"http:\/\/blogs.ideal.es\/rumores\/?p=337"},"modified":"2011-09-27T12:20:44","modified_gmt":"2011-09-27T11:20:44","slug":"mare-revuelto","status":"publish","type":"post","link":"https:\/\/blogs.ideal.es\/rumores\/2011\/09\/27\/mare-revuelto\/","title":{"rendered":"Mare revuelto"},"content":{"rendered":"<p>\u00a0Los currelas de CajaGranada han empezado a manifestarse porque temen que la fusi\u00f3n les deje fr\u00edos. No se pensaban que cuando Antonio Jara dec\u00eda aquello de crecer y hacerse grande se refer\u00eda a ponerles una mesa de despacho en Madrid. As\u00ed que alguno ya se est\u00e1 acordando de la mare que pari\u00f3 Mare Nostrum -metaf\u00f3rica y laboralmente hablando-.<\/p>\n<p>He escuchado a la secretaria de UGT, Manuela Mart\u00ednez, criticar el oscurantismo del proceso. Y es curioso que en todo lo que afecta a la Caja se mantenga un discurso dentro y otro fuera. Porque los representantes del sindicato en la asamblea y en el consejo de administraci\u00f3n dieron su visto bueno a una operaci\u00f3n que quiz\u00e1s fuera la \u00fanica posible pero que cualquiera podr\u00eda intuir en lo que iba a derivar.<\/p>\n<p>Y claro, mientras unos se rebelan porque no quieren marcharse a Madrid, otros -sin se\u00f1alar- se pegan un voltio por Roma y C\u00f3rcega en un crucerito.<\/p>\n<!-- AddThis Advanced Settings generic via filter on the_content --><!-- AddThis Share Buttons generic via filter on the_content -->","protected":false},"excerpt":{"rendered":"<p>\u00a0Los currelas de CajaGranada han empezado a manifestarse porque temen que la fusi\u00f3n les deje fr\u00edos. No se pensaban que cuando Antonio Jara dec\u00eda aquello de crecer y hacerse grande se refer\u00eda a ponerles una mesa de despacho en Madrid. As\u00ed que alguno ya se est\u00e1 acordando de la mare que pari\u00f3 Mare Nostrum -metaf\u00f3rica [&hellip;]<!-- AddThis Advanced Settings generic via filter on get_the_excerpt --><!-- AddThis Share Buttons generic via filter on get_the_excerpt --><\/p>\n","protected":false},"author":4,"featured_media":0,"comment_status":"open","ping_status":"closed","sticky":false,"template":"","format":"standard","meta":[],"categories":[3],"tags":[],"_links":{"self":[{"href":"https:\/\/blogs.ideal.es\/rumores\/wp-json\/wp\/v2\/posts\/337"}],"collection":[{"href":"https:\/\/blogs.ideal.es\/rumores\/wp-json\/wp\/v2\/posts"}],"about":[{"href":"https:\/\/blogs.ideal.es\/rumores\/wp-json\/wp\/v2\/types\/post"}],"author":[{"embeddable":true,"href":"https:\/\/blogs.ideal.es\/rumores\/wp-json\/wp\/v2\/users\/4"}],"replies":[{"embeddable":true,"href":"https:\/\/blogs.ideal.es\/rumores\/wp-json\/wp\/v2\/comments?post=337"}],"version-history":[{"count":0,"href":"https:\/\/blogs.ideal.es\/rumores\/wp-json\/wp\/v2\/posts\/337\/revisions"}],"wp:attachment":[{"href":"https:\/\/blogs.ideal.es\/rumores\/wp-json\/wp\/v2\/media?parent=337"}],"wp:term":[{"taxonomy":"category","embeddable":true,"href":"https:\/\/blogs.ideal.es\/rumores\/wp-json\/wp\/v2\/categories?post=337"},{"taxonomy":"post_tag","embeddable":true,"href":"https:\/\/blogs.ideal.es\/rumores\/wp-json\/wp\/v2\/tags?post=337"}],"curies":[{"name":"wp","href":"https:\/\/api.w.org\/{rel}","templated":true}]}}