{"id":34,"date":"2006-01-30T14:02:25","date_gmt":"2006-01-30T14:02:25","guid":{"rendered":"http:\/\/blogs.ideal.es\/rumores\/?p=34"},"modified":"2006-01-30T14:02:25","modified_gmt":"2006-01-30T14:02:25","slug":"por-se-esconde-pp","status":"publish","type":"post","link":"https:\/\/blogs.ideal.es\/rumores\/2006\/01\/30\/por-se-esconde-pp\/","title":{"rendered":"Por qu\u00e9 se esconde el PP"},"content":{"rendered":"<p>No quieren los concejales del PP desvelar su patrimonio. Me cuentan que han mantenido reuniones previas bastante tensas, donde algunos eran especialmente reacios a hacer p\u00fablicos sus bienes. Al final optaron por una decisi\u00f3n intermedia, una pantomima democr\u00e1tica (leer comentario anterior). Me sorprende que el propio Sebasti\u00e1n P\u00e9rez interviniera en esta decisi\u00f3n, sobre todo porque Arenas va en l\u00ednea contraria. Pero me dicen que fue el propio P\u00e9rez el que, de manera informal, intent\u00f3 con el PSOE minutos antes de que se celebrase el pleno que los socialistas retirasen la moci\u00f3n. Despu\u00e9s hubo malos modos de alg\u00fan concejal popular con la oposici\u00f3n. Pero la estrategia del PP tiene las patas muy cortas. Ma\u00f1ana martes tendr\u00e1n que decir en el pleno de la Diputaci\u00f3n qu\u00e9 opinan. All\u00ed no tienen mayor\u00eda y no se pueden escapar. Si se niegan a hacer p\u00fablicos sus bienes le llevar\u00e1n la contraria a Arenas. No creo que se atrevan si quieren hacer m\u00e9ritos. Si votan que s\u00ed, coincidir\u00edan con la l\u00f3gica del partido pero dejar\u00edan fuera de juego al alcalde. Por eso, mucho me temo que optar\u00e1n por la abstenci\u00f3n, que algunas veces suele ser el acto m\u00e1s coherente de la pol\u00edtica y otras muchas el m\u00e1s cobarde. Cada vez me creo m\u00e1s lo que ha dicho \u00c1lvarez de la Chica, que quieren escaparse vivos. <\/p>\n<!-- AddThis Advanced Settings generic via filter on the_content --><!-- AddThis Share Buttons generic via filter on the_content -->","protected":false},"excerpt":{"rendered":"<p>No quieren los concejales del PP desvelar su patrimonio. Me cuentan que han mantenido reuniones previas bastante tensas, donde algunos eran especialmente reacios a hacer p\u00fablicos sus bienes. Al final optaron por una decisi\u00f3n intermedia, una pantomima democr\u00e1tica (leer comentario anterior). Me sorprende que el propio Sebasti\u00e1n P\u00e9rez interviniera en esta decisi\u00f3n, sobre todo porque [&hellip;]<!-- AddThis Advanced Settings generic via filter on get_the_excerpt --><!-- AddThis Share Buttons generic via filter on get_the_excerpt --><\/p>\n","protected":false},"author":3,"featured_media":0,"comment_status":"open","ping_status":"closed","sticky":false,"template":"","format":"standard","meta":[],"categories":[2],"tags":[],"_links":{"self":[{"href":"https:\/\/blogs.ideal.es\/rumores\/wp-json\/wp\/v2\/posts\/34"}],"collection":[{"href":"https:\/\/blogs.ideal.es\/rumores\/wp-json\/wp\/v2\/posts"}],"about":[{"href":"https:\/\/blogs.ideal.es\/rumores\/wp-json\/wp\/v2\/types\/post"}],"author":[{"embeddable":true,"href":"https:\/\/blogs.ideal.es\/rumores\/wp-json\/wp\/v2\/users\/3"}],"replies":[{"embeddable":true,"href":"https:\/\/blogs.ideal.es\/rumores\/wp-json\/wp\/v2\/comments?post=34"}],"version-history":[{"count":0,"href":"https:\/\/blogs.ideal.es\/rumores\/wp-json\/wp\/v2\/posts\/34\/revisions"}],"wp:attachment":[{"href":"https:\/\/blogs.ideal.es\/rumores\/wp-json\/wp\/v2\/media?parent=34"}],"wp:term":[{"taxonomy":"category","embeddable":true,"href":"https:\/\/blogs.ideal.es\/rumores\/wp-json\/wp\/v2\/categories?post=34"},{"taxonomy":"post_tag","embeddable":true,"href":"https:\/\/blogs.ideal.es\/rumores\/wp-json\/wp\/v2\/tags?post=34"}],"curies":[{"name":"wp","href":"https:\/\/api.w.org\/{rel}","templated":true}]}}