{"id":56,"date":"2006-03-11T21:10:09","date_gmt":"2006-03-11T21:10:09","guid":{"rendered":"http:\/\/blogs.ideal.es\/rumores\/?p=56"},"modified":"2006-03-11T21:10:09","modified_gmt":"2006-03-11T21:10:09","slug":"crespon-negro-radio-nacional","status":"publish","type":"post","link":"https:\/\/blogs.ideal.es\/rumores\/2006\/03\/11\/crespon-negro-radio-nacional\/","title":{"rendered":"Cresp\u00f3n negro en Radio Nacional"},"content":{"rendered":"<p>Zapatero se ha atrevido a meter el estilete en Radio Nacional, con el mismo plan que Aznar tal vez tuviera en mente pero prefiri\u00f3 tentarse la ropa. Yo miro a mis compa\u00f1eros de la emisora de Granada y no veo que ninguno lleve una vida de dispendio y despilfarro que me haga pensar que son ellos precisamente el &#8216;agujero&#8217; contable de la RTVE. Para ellos habr\u00e1 una indemnizaci\u00f3n cicatera, una prejubilaci\u00f3n o un micr\u00f3fono a 500 kil\u00f3metros de donde se educan sus hijos. Otros se largan con indemnizaciones millonarias al tercer n\u00famero de su bodrio de programa. Tal vez sean ellos los que descuadran unas cuentas que nunca han cuadrado m\u00e1s que cuando conven\u00eda, pero parece m\u00e1s rentables financiar a manos llenas los amor\u00edos de un famoso presentador que mantener un informativo local. Me dec\u00eda un compa\u00f1ero de los de Granada que todav\u00eda est\u00e1 esperando una llamada de alg\u00fan dirigente granadino del PSOE, los mismos que tantas veces les han telefoneado para que le limpien las babas cuando quer\u00edan contar en las ondas una de sus chorradas, en \u00e9sas en las que pensaban mientras otro met\u00eda la mano en los fondos de la RTVE. Los compa\u00f1eros de Radio Nacional en Granada preguntan en cada rueda de prensa y nadie del PSOE se atreve a romper la disciplina de partido para decir firmemente que est\u00e1n con los trabajadores, no con los recortes de plantilla que planean los que no se arriesgan a poner orden en las corruptelas que tienen alrededor, en los nidos de serpientes que agujerean las carteras del erario p\u00fablico. Lo peor es que el PSOE no coger\u00e1 una pancarta para defender la emisora granadina porque tienen otros micr\u00f3fonos que hablan con la boca prestada.  <\/p>\n<!-- AddThis Advanced Settings generic via filter on the_content --><!-- AddThis Share Buttons generic via filter on the_content -->","protected":false},"excerpt":{"rendered":"<p>Zapatero se ha atrevido a meter el estilete en Radio Nacional, con el mismo plan que Aznar tal vez tuviera en mente pero prefiri\u00f3 tentarse la ropa. Yo miro a mis compa\u00f1eros de la emisora de Granada y no veo que ninguno lleve una vida de dispendio y despilfarro que me haga pensar que son [&hellip;]<!-- AddThis Advanced Settings generic via filter on get_the_excerpt --><!-- AddThis Share Buttons generic via filter on get_the_excerpt --><\/p>\n","protected":false},"author":3,"featured_media":0,"comment_status":"open","ping_status":"closed","sticky":false,"template":"","format":"standard","meta":[],"categories":[2],"tags":[],"_links":{"self":[{"href":"https:\/\/blogs.ideal.es\/rumores\/wp-json\/wp\/v2\/posts\/56"}],"collection":[{"href":"https:\/\/blogs.ideal.es\/rumores\/wp-json\/wp\/v2\/posts"}],"about":[{"href":"https:\/\/blogs.ideal.es\/rumores\/wp-json\/wp\/v2\/types\/post"}],"author":[{"embeddable":true,"href":"https:\/\/blogs.ideal.es\/rumores\/wp-json\/wp\/v2\/users\/3"}],"replies":[{"embeddable":true,"href":"https:\/\/blogs.ideal.es\/rumores\/wp-json\/wp\/v2\/comments?post=56"}],"version-history":[{"count":0,"href":"https:\/\/blogs.ideal.es\/rumores\/wp-json\/wp\/v2\/posts\/56\/revisions"}],"wp:attachment":[{"href":"https:\/\/blogs.ideal.es\/rumores\/wp-json\/wp\/v2\/media?parent=56"}],"wp:term":[{"taxonomy":"category","embeddable":true,"href":"https:\/\/blogs.ideal.es\/rumores\/wp-json\/wp\/v2\/categories?post=56"},{"taxonomy":"post_tag","embeddable":true,"href":"https:\/\/blogs.ideal.es\/rumores\/wp-json\/wp\/v2\/tags?post=56"}],"curies":[{"name":"wp","href":"https:\/\/api.w.org\/{rel}","templated":true}]}}