{"id":71,"date":"2006-04-03T17:07:14","date_gmt":"2006-04-03T17:07:14","guid":{"rendered":"http:\/\/blogs.ideal.es\/rumores\/?p=71"},"modified":"2006-04-03T17:07:14","modified_gmt":"2006-04-03T17:07:14","slug":"los-dos-requisitos-javier","status":"publish","type":"post","link":"https:\/\/blogs.ideal.es\/rumores\/2006\/04\/03\/los-dos-requisitos-javier\/","title":{"rendered":"Los dos requisitos de Javier"},"content":{"rendered":"<p>Estoy pensando en ponerme a dieta a ver si as\u00ed acabo con este maldito &#8216;gordominal&#8217; doble de ancho y tanto exceso de panceta que est\u00e1 obstruyendo la poca lucidez que me quedaba. Y no lo har\u00e9 para lucir palmito en la Costa, que por m\u00e1s que me afane mi palmito siempre recordar\u00e1 a Alfredo Landa persiguiendo un par de suecas. Lo que quiero es deshacerme de las lorzas para montar una protesta como la que armaron ayer en Motril los del Batracio Amarillo; entrar en el sal\u00f3n de plenos en pelotas y decirle a los conejales que estoy hasta lo que me cuelga de sus dimes y diretes, que sus debates son m\u00e1s largos que el campo de f\u00fatbol de \u00d3liver y Benji. Disculpen, pero es que todav\u00eda no me he repuesto del sopor\u00edfero pleno del viernes, donde s\u00f3lo consigui\u00f3 hacerme sonre\u00edr ver a Lola Ruiz (IU) usar uno de los ceniceros de los que reparte M\u00e9rida -todopoderoso coordiandor de campa\u00f1a- para acumular las raspaduras de los l\u00e1pices. La pol\u00edtica reciente apenas ha consistido en eso, en repartir ceniceros en la plaza del Carmen como si se regalasen croquetas. <\/p>\n<p>A ver si el PSOE se decide de una vez por todas y nombra al candidato; que Javier ya no est\u00e1 para ir de bolos por las juntas de distrito. Me cuenta una fuente -descaradamente malintencionada- que Torres Vela ha puesto dos requisitos para aceptar el reto de derrocar a la otra Torre -Torrelson-. No s\u00e9 si ser\u00e1 cierto, pero las dos cl\u00e1usulas me resultan bastante l\u00f3gicas. La primera, que Javier quiere hacer su propia lista. Vale, Javi, pero no me toques a Conchi Molina, diva cibern\u00e9tica de este blog semiclandestino. La segunda, que si los resultados no son propicios le faciliten una escapatoria de las masmorras de la oposici\u00f3n. Podr\u00eda valer la presidencia de la Diptuaci\u00f3n, cargo que bien conoce. Y yo apunto otra: la Caja. No es por nada en especial, son suposiciones m\u00edas. <\/p>\n<!-- AddThis Advanced Settings generic via filter on the_content --><!-- AddThis Share Buttons generic via filter on the_content -->","protected":false},"excerpt":{"rendered":"<p>Estoy pensando en ponerme a dieta a ver si as\u00ed acabo con este maldito &#8216;gordominal&#8217; doble de ancho y tanto exceso de panceta que est\u00e1 obstruyendo la poca lucidez que me quedaba. Y no lo har\u00e9 para lucir palmito en la Costa, que por m\u00e1s que me afane mi palmito siempre recordar\u00e1 a Alfredo Landa [&hellip;]<!-- AddThis Advanced Settings generic via filter on get_the_excerpt --><!-- AddThis Share Buttons generic via filter on get_the_excerpt --><\/p>\n","protected":false},"author":3,"featured_media":0,"comment_status":"open","ping_status":"closed","sticky":false,"template":"","format":"standard","meta":[],"categories":[2],"tags":[],"_links":{"self":[{"href":"https:\/\/blogs.ideal.es\/rumores\/wp-json\/wp\/v2\/posts\/71"}],"collection":[{"href":"https:\/\/blogs.ideal.es\/rumores\/wp-json\/wp\/v2\/posts"}],"about":[{"href":"https:\/\/blogs.ideal.es\/rumores\/wp-json\/wp\/v2\/types\/post"}],"author":[{"embeddable":true,"href":"https:\/\/blogs.ideal.es\/rumores\/wp-json\/wp\/v2\/users\/3"}],"replies":[{"embeddable":true,"href":"https:\/\/blogs.ideal.es\/rumores\/wp-json\/wp\/v2\/comments?post=71"}],"version-history":[{"count":0,"href":"https:\/\/blogs.ideal.es\/rumores\/wp-json\/wp\/v2\/posts\/71\/revisions"}],"wp:attachment":[{"href":"https:\/\/blogs.ideal.es\/rumores\/wp-json\/wp\/v2\/media?parent=71"}],"wp:term":[{"taxonomy":"category","embeddable":true,"href":"https:\/\/blogs.ideal.es\/rumores\/wp-json\/wp\/v2\/categories?post=71"},{"taxonomy":"post_tag","embeddable":true,"href":"https:\/\/blogs.ideal.es\/rumores\/wp-json\/wp\/v2\/tags?post=71"}],"curies":[{"name":"wp","href":"https:\/\/api.w.org\/{rel}","templated":true}]}}