{"id":72,"date":"2006-04-04T11:54:02","date_gmt":"2006-04-04T11:54:02","guid":{"rendered":"http:\/\/blogs.ideal.es\/rumores\/?p=72"},"modified":"2006-04-04T11:54:02","modified_gmt":"2006-04-04T11:54:02","slug":"el-caso-marbella","status":"publish","type":"post","link":"https:\/\/blogs.ideal.es\/rumores\/2006\/04\/04\/el-caso-marbella\/","title":{"rendered":"El caso Marbella"},"content":{"rendered":"<p>Posiblemente hoy se disuelva el Ayuntamiento de Marbella. Es previsible que pocos d\u00edas despu\u00e9s aparezca el consejero de Turismo, Paulino Plata, como garante de la libertad y de la democracia, candidato en ciernes del chavismo que todav\u00eda no se aclara por qu\u00e9 dej\u00f3 que Marbella se le fuera de las manos, por qu\u00e9 tard\u00f3 casi un lustro en impugnar la primera licencia de la era Gil, \u00e9sa con la que se levantan hoteles sobre la tierra quemada. El &#8216;caso Marbella&#8217; es paradigma de un juicio medi\u00e1tico, con el riesgo que entra\u00f1a que hasta Kiko Matamoros haga periodismo de investigaci\u00f3n; como si esta -cada vez menos- noble profesi\u00f3n de juntar letras no tuviera sus c\u00f3digos internos que hay que conocer antes de abrir la boca. En el programa de televisi\u00f3n de Telecinco TNT, que se emiti\u00f3 anoche, la colaboradora Karmele Marchante implic\u00f3 en el fraude marbell\u00ed a un conocido empresario granadino. Lo hizo con la misma soltura con la que habla de cuernos, toreros y &#8216;chulo putas&#8217;. La presunci\u00f3n de inocencia se la pas\u00f3 por el oropel de su entrepierna. Dijo su nombre con la misma ligereza con la que se airea el \u00faltimo romance de Pepe Navarro, con la diferencia de que los meapilas de la salsa rosa tienen obligaci\u00f3n de tragar carros y carretas porque subsisten gracias a la sopa boba. Karmele dijo el nombre de este conocido constructor grandino, con residencia en Marbella, y lo vincul\u00f3 a la construcci\u00f3n de dos urbanizaciones ilegales, supuestamente, ayudado por los &#8216;giles&#8217;. <\/p>\n<p>Ahora vendr\u00e1 Paulino Plata, ex alcalde latifundista de Antequera, y pondr\u00e1 orden en el casino marbell\u00ed. Qu\u00e9 pena que a Kiki D\u00edaz Berbel no le dejen ser el candidato del PP en Marbella, como ha comentado en alguna ocasi\u00f3n, para que la Costa del Sol recupere todo el glamour perdido. <\/p>\n<!-- AddThis Advanced Settings generic via filter on the_content --><!-- AddThis Share Buttons generic via filter on the_content -->","protected":false},"excerpt":{"rendered":"<p>Posiblemente hoy se disuelva el Ayuntamiento de Marbella. Es previsible que pocos d\u00edas despu\u00e9s aparezca el consejero de Turismo, Paulino Plata, como garante de la libertad y de la democracia, candidato en ciernes del chavismo que todav\u00eda no se aclara por qu\u00e9 dej\u00f3 que Marbella se le fuera de las manos, por qu\u00e9 tard\u00f3 casi [&hellip;]<!-- AddThis Advanced Settings generic via filter on get_the_excerpt --><!-- AddThis Share Buttons generic via filter on get_the_excerpt --><\/p>\n","protected":false},"author":3,"featured_media":0,"comment_status":"open","ping_status":"closed","sticky":false,"template":"","format":"standard","meta":[],"categories":[2],"tags":[],"_links":{"self":[{"href":"https:\/\/blogs.ideal.es\/rumores\/wp-json\/wp\/v2\/posts\/72"}],"collection":[{"href":"https:\/\/blogs.ideal.es\/rumores\/wp-json\/wp\/v2\/posts"}],"about":[{"href":"https:\/\/blogs.ideal.es\/rumores\/wp-json\/wp\/v2\/types\/post"}],"author":[{"embeddable":true,"href":"https:\/\/blogs.ideal.es\/rumores\/wp-json\/wp\/v2\/users\/3"}],"replies":[{"embeddable":true,"href":"https:\/\/blogs.ideal.es\/rumores\/wp-json\/wp\/v2\/comments?post=72"}],"version-history":[{"count":0,"href":"https:\/\/blogs.ideal.es\/rumores\/wp-json\/wp\/v2\/posts\/72\/revisions"}],"wp:attachment":[{"href":"https:\/\/blogs.ideal.es\/rumores\/wp-json\/wp\/v2\/media?parent=72"}],"wp:term":[{"taxonomy":"category","embeddable":true,"href":"https:\/\/blogs.ideal.es\/rumores\/wp-json\/wp\/v2\/categories?post=72"},{"taxonomy":"post_tag","embeddable":true,"href":"https:\/\/blogs.ideal.es\/rumores\/wp-json\/wp\/v2\/tags?post=72"}],"curies":[{"name":"wp","href":"https:\/\/api.w.org\/{rel}","templated":true}]}}