{"id":89,"date":"2006-04-27T18:57:57","date_gmt":"2006-04-27T18:57:57","guid":{"rendered":"http:\/\/blogs.ideal.es\/rumores\/?p=89"},"modified":"2006-04-27T18:57:57","modified_gmt":"2006-04-27T18:57:57","slug":"nuevo-reto","status":"publish","type":"post","link":"https:\/\/blogs.ideal.es\/rumores\/2006\/04\/27\/nuevo-reto\/","title":{"rendered":"Nuevo reto"},"content":{"rendered":"<p>&#8220;Ayer fue un nuevo d\u00eda de un nuevo camino&#8221;, ha dicho hoy Nino Garc\u00eda-Royo en tono b\u00edblico, mirando al horizonte evang\u00e9lico de su Gerencia, donde ya los sindicatos son una balsa de aceite. Si yo te entiendo Nino, que no es lo mismo organizar un concurso de balcones floreados o colgarse la credencial del Plan Parihuela que fajarse con los constructores y tragarse todos los marrones que pasan por este Ayuntamiento populista que reparte ceniceros para fumar en la calle y bolsas para las c\u00e1scaras de las pipas. Ma\u00f1ana se celebra otro pleno, y estoy tan inquieto como ante el \u00faltimo cap\u00edtulo de &#8216;Pasi\u00f3n de Gavilanes&#8217;. Habr\u00e1 un reto en la cumbre: Conchi -nuestra Conchi- se medir\u00e1 a Vicente Aguilera, porque se ha dado cuenta de que tiene que ser ella la que tire del carro de este socialismo abatido que espera a Torres Vela o al que venga, que tengo prometido un art\u00edculo sobre el candidato titulado &#8216;No est\u00e1 todo dicho&#8217; (m\u00e1s que nada por enredar un poco). Antes del pleno, los portavoces municipales se reunir\u00e1n a las nueve de la ma\u00f1ana. Creo que ha tenido la culpa mi compa\u00f1era Mar\u00eda Angustias de la Calle, que hoy ha escrito sobre lo sucedido con el Defensor del Ciudadano (consultar art\u00edculos anteriores). Intentar\u00e1n salir del atolladero con el pretexto de &#8216;aqu\u00ed no ha pasado nada&#8217;. Y no es que yo sepa lo que ha ocurrido, pero como tengo esp\u00edritu de rumor prefiero pensar, aunque sea mentira, que como el futuro Defensor del Ciudadano tiene pasado comunista&#8230;<\/p>\n<!-- AddThis Advanced Settings generic via filter on the_content --><!-- AddThis Share Buttons generic via filter on the_content -->","protected":false},"excerpt":{"rendered":"<p>&#8220;Ayer fue un nuevo d\u00eda de un nuevo camino&#8221;, ha dicho hoy Nino Garc\u00eda-Royo en tono b\u00edblico, mirando al horizonte evang\u00e9lico de su Gerencia, donde ya los sindicatos son una balsa de aceite. Si yo te entiendo Nino, que no es lo mismo organizar un concurso de balcones floreados o colgarse la credencial del Plan [&hellip;]<!-- AddThis Advanced Settings generic via filter on get_the_excerpt --><!-- AddThis Share Buttons generic via filter on get_the_excerpt --><\/p>\n","protected":false},"author":3,"featured_media":0,"comment_status":"open","ping_status":"closed","sticky":false,"template":"","format":"standard","meta":[],"categories":[2],"tags":[],"_links":{"self":[{"href":"https:\/\/blogs.ideal.es\/rumores\/wp-json\/wp\/v2\/posts\/89"}],"collection":[{"href":"https:\/\/blogs.ideal.es\/rumores\/wp-json\/wp\/v2\/posts"}],"about":[{"href":"https:\/\/blogs.ideal.es\/rumores\/wp-json\/wp\/v2\/types\/post"}],"author":[{"embeddable":true,"href":"https:\/\/blogs.ideal.es\/rumores\/wp-json\/wp\/v2\/users\/3"}],"replies":[{"embeddable":true,"href":"https:\/\/blogs.ideal.es\/rumores\/wp-json\/wp\/v2\/comments?post=89"}],"version-history":[{"count":0,"href":"https:\/\/blogs.ideal.es\/rumores\/wp-json\/wp\/v2\/posts\/89\/revisions"}],"wp:attachment":[{"href":"https:\/\/blogs.ideal.es\/rumores\/wp-json\/wp\/v2\/media?parent=89"}],"wp:term":[{"taxonomy":"category","embeddable":true,"href":"https:\/\/blogs.ideal.es\/rumores\/wp-json\/wp\/v2\/categories?post=89"},{"taxonomy":"post_tag","embeddable":true,"href":"https:\/\/blogs.ideal.es\/rumores\/wp-json\/wp\/v2\/tags?post=89"}],"curies":[{"name":"wp","href":"https:\/\/api.w.org\/{rel}","templated":true}]}}