{"id":91,"date":"2006-05-01T21:39:14","date_gmt":"2006-05-01T21:39:14","guid":{"rendered":"http:\/\/blogs.ideal.es\/rumores\/?p=91"},"modified":"2006-05-01T21:39:14","modified_gmt":"2006-05-01T21:39:14","slug":"en-alhama-con-antonio-ramos","status":"publish","type":"post","link":"https:\/\/blogs.ideal.es\/rumores\/2006\/05\/01\/en-alhama-con-antonio-ramos\/","title":{"rendered":"En Alhama con Antonio Ramos"},"content":{"rendered":"<p><P class=MsoNormal style=\"MARGIN: 0cm 0cm 0pt\"><FONT face=\"Times New Roman\" size=3>El s\u00e1bado, el periodista Antonio Ramos nos dio un homenaje a todos en Alhama; porque eso es en realidad de lo que consist\u00eda, de darnos la posibilidad de estar juntos todo un d\u00eda con la excusa de que el 28 de febrero le entregaron una medalla; por eso, fuimos nosotros los homenajeados y no \u00e9l, que encima tuvo que invitar -\u00a1lo poco que le cuesta!-a un regimiento de periodistas trincones, entre los que me pongo a la cabeza, por supuesto.<\/FONT><\/P><P class=MsoNormal style=\"MARGIN: 0cm 0cm 0pt\"><FONT face=\"Times New Roman\" size=3><\/FONT>&nbsp;<\/P><P class=MsoNormal style=\"MARGIN: 0cm 0cm 0pt\"><FONT face=\"Times New Roman\" size=3>All\u00ed le entregaron copia de sus primeros art\u00edculos en IDEAL a principio de los setenta. En uno desvelaba la trama de los &#8216;repes&#8217;, una antigua rifa que exist\u00eda en los bares. Al d\u00eda siguiente, el gobernador civil los prohibi\u00f3. Por cierto, Granada tuvo el dudoso m\u00e9rito de acumular en aquellos tiempos a los gobernadores m\u00e1s represivos y duros de Espa\u00f1a; aqu\u00ed ven\u00edan a hacer carrera, a perseguir a obreros y a quemar banderas que no fueran la que llevaba el r\u00e9gimen en la chepa. Esto lo he le\u00eddo en los libros de Antonio, que es el mejor legado hist\u00f3rico que se puede encontrar en una biblioteca. En otro reportaje reproduc\u00eda la receta que le hizo una curandera que le diagnostic\u00f3 una patolog\u00eda de h\u00edgado y otro pu\u00f1ado de virus; la pobre termin\u00f3 en los tribunales denunciada por el Colegio M\u00e9dico y s\u00f3lo una amnist\u00eda le libr\u00f3 de acabar en la trena. <\/FONT><\/P><P class=MsoNormal style=\"MARGIN: 0cm 0cm 0pt\"><FONT face=\"Times New Roman\" size=3><\/FONT>&nbsp;<\/P><P class=MsoNormal style=\"MARGIN: 0cm 0cm 0pt\"><FONT face=\"Times New Roman\" size=3>Hasta Alhama llegaron periodistas y algunos pol\u00edticos de todas las edades y provincias lim\u00edtrofes; un triple m\u00e9rito en esta profesi\u00f3n de pendejos donde ahora ya ni nos queremos ni nos respetamos y elevamos el tono dos titulares m\u00e1s de la cuenta. <\/FONT><\/P><P class=MsoNormal style=\"MARGIN: 0cm 0cm 0pt\"><FONT face=\"Times New Roman\" size=3><\/FONT>&nbsp;<\/P><P class=MsoNormal style=\"MARGIN: 0cm 0cm 0pt\"><FONT face=\"Times New Roman\" size=3>All\u00ed tuve el placer de conversar por primera vez con Enrique Moratalla, un tipo que me result\u00f3 extraordinario. Tambi\u00e9n comprend\u00ed que el coraz\u00f3n le viene de raza. Enrique sigue con su carrera art\u00edstica -que mal suena esta frase, primo- y dentro de una semana tocar\u00e1 en Granada con Amancio Prada. <\/FONT><\/P><P class=MsoNormal style=\"MARGIN: 0cm 0cm 0pt\"><FONT face=\"Times New Roman\" size=3><\/FONT>&nbsp;<\/P><P class=MsoNormal style=\"MARGIN: 0cm 0cm 0pt\"><FONT face=\"Times New Roman\" size=3>All\u00ed me enter\u00e9 de muchos &#8216;rumores&#8217; que bien valdr\u00edan una portada. Pero no estoy dispuesto a contar ninguno; porque ha sido Antonio el que me ha ense\u00f1ado que no importan las exclusivas; lo que valen son las personas. <\/FONT><\/P><\/p>\n<!-- AddThis Advanced Settings generic via filter on the_content --><!-- AddThis Share Buttons generic via filter on the_content -->","protected":false},"excerpt":{"rendered":"<p>El s\u00e1bado, el periodista Antonio Ramos nos dio un homenaje a todos en Alhama; porque eso es en realidad de lo que consist\u00eda, de darnos la posibilidad de estar juntos todo un d\u00eda con la excusa de que el 28 de febrero le entregaron una medalla; por eso, fuimos nosotros los homenajeados y no \u00e9l, [&hellip;]<!-- AddThis Advanced Settings generic via filter on get_the_excerpt --><!-- AddThis Share Buttons generic via filter on get_the_excerpt --><\/p>\n","protected":false},"author":3,"featured_media":0,"comment_status":"open","ping_status":"closed","sticky":false,"template":"","format":"standard","meta":[],"categories":[2],"tags":[],"_links":{"self":[{"href":"https:\/\/blogs.ideal.es\/rumores\/wp-json\/wp\/v2\/posts\/91"}],"collection":[{"href":"https:\/\/blogs.ideal.es\/rumores\/wp-json\/wp\/v2\/posts"}],"about":[{"href":"https:\/\/blogs.ideal.es\/rumores\/wp-json\/wp\/v2\/types\/post"}],"author":[{"embeddable":true,"href":"https:\/\/blogs.ideal.es\/rumores\/wp-json\/wp\/v2\/users\/3"}],"replies":[{"embeddable":true,"href":"https:\/\/blogs.ideal.es\/rumores\/wp-json\/wp\/v2\/comments?post=91"}],"version-history":[{"count":0,"href":"https:\/\/blogs.ideal.es\/rumores\/wp-json\/wp\/v2\/posts\/91\/revisions"}],"wp:attachment":[{"href":"https:\/\/blogs.ideal.es\/rumores\/wp-json\/wp\/v2\/media?parent=91"}],"wp:term":[{"taxonomy":"category","embeddable":true,"href":"https:\/\/blogs.ideal.es\/rumores\/wp-json\/wp\/v2\/categories?post=91"},{"taxonomy":"post_tag","embeddable":true,"href":"https:\/\/blogs.ideal.es\/rumores\/wp-json\/wp\/v2\/tags?post=91"}],"curies":[{"name":"wp","href":"https:\/\/api.w.org\/{rel}","templated":true}]}}